{"@context":"https:\/\/schema.org\/","@type":"CollectionPage","@id":"https:\/\/www.tajana.cz\/byt-a-dum\/#CollectionPage","headline":"Byt a d\u016fm Category","description":"","url":"https:\/\/www.tajana.cz\/byt-a-dum\/","hasPart":[{"@type":"Article","@id":"https:\/\/www.tajana.cz\/vytvorte-z-knihovny-misto-pro-vase-hosty\/","headline":"Vytvo\u0159te z knihovny m\u00edsto pro va\u0161e hosty","url":"https:\/\/www.tajana.cz\/vytvorte-z-knihovny-misto-pro-vase-hosty\/","datePublished":"2025-10-02","dateModified":"2025-10-02","mainEntityOfPage":"https:\/\/www.tajana.cz\/vytvorte-z-knihovny-misto-pro-vase-hosty\/","author":{"@type":"Person","@id":"https:\/\/www.tajana.cz\/author\/#Person","name":"","url":"https:\/\/www.tajana.cz\/author\/","identifier":1,"image":{"@type":"ImageObject","@id":"https:\/\/secure.gravatar.com\/avatar\/670235c08005d2f1b80a3d56a421809661de47ce0289bd1c93d0120f6ef211a4?s=96&d=mm&r=g","url":"https:\/\/secure.gravatar.com\/avatar\/670235c08005d2f1b80a3d56a421809661de47ce0289bd1c93d0120f6ef211a4?s=96&d=mm&r=g","height":96,"width":96}},"publisher":{"@type":"Organization","name":"tajana.cz","logo":{"@type":"ImageObject","@id":"\/logo.png","url":"\/logo.png","width":600,"height":60}},"image":{"@type":"ImageObject","@id":"https:\/\/www.tajana.cz\/wp-content\/uploads\/annie-spratt-Ik8hRvVQzFo-unsplash.jpg","url":"https:\/\/www.tajana.cz\/wp-content\/uploads\/annie-spratt-Ik8hRvVQzFo-unsplash.jpg","height":0,"width":0},"keywords":null},{"@type":"Article","@id":"https:\/\/www.tajana.cz\/tak-to-zacina\/","headline":"Tak to za\u010d\u00edn\u00e1","url":"https:\/\/www.tajana.cz\/tak-to-zacina\/","datePublished":"2025-06-11","dateModified":"2025-06-11","mainEntityOfPage":"https:\/\/www.tajana.cz\/tak-to-zacina\/","author":{"@type":"Person","@id":"https:\/\/www.tajana.cz\/author\/#Person","name":"","url":"https:\/\/www.tajana.cz\/author\/","identifier":1,"image":{"@type":"ImageObject","@id":"https:\/\/secure.gravatar.com\/avatar\/670235c08005d2f1b80a3d56a421809661de47ce0289bd1c93d0120f6ef211a4?s=96&d=mm&r=g","url":"https:\/\/secure.gravatar.com\/avatar\/670235c08005d2f1b80a3d56a421809661de47ce0289bd1c93d0120f6ef211a4?s=96&d=mm&r=g","height":96,"width":96}},"publisher":{"@type":"Organization","name":"tajana.cz","logo":{"@type":"ImageObject","@id":"\/logo.png","url":"\/logo.png","width":600,"height":60}},"image":{"@type":"ImageObject","@id":"https:\/\/www.tajana.cz\/wp-content\/uploads\/fireplace-416042_640_6.jpg","url":"https:\/\/www.tajana.cz\/wp-content\/uploads\/fireplace-416042_640_6.jpg","height":0,"width":0},"keywords":null},{"@type":"Article","@id":"https:\/\/www.tajana.cz\/vlastni-byt-ci-dum\/","headline":"Vlastn\u00ed byt \u010di d\u016fm","url":"https:\/\/www.tajana.cz\/vlastni-byt-ci-dum\/","datePublished":"2021-12-10","dateModified":"2023-05-15","mainEntityOfPage":"https:\/\/www.tajana.cz\/vlastni-byt-ci-dum\/","author":{"@type":"Person","@id":"https:\/\/www.tajana.cz\/author\/#Person","name":"","url":"https:\/\/www.tajana.cz\/author\/","identifier":1,"image":{"@type":"ImageObject","@id":"https:\/\/secure.gravatar.com\/avatar\/670235c08005d2f1b80a3d56a421809661de47ce0289bd1c93d0120f6ef211a4?s=96&d=mm&r=g","url":"https:\/\/secure.gravatar.com\/avatar\/670235c08005d2f1b80a3d56a421809661de47ce0289bd1c93d0120f6ef211a4?s=96&d=mm&r=g","height":96,"width":96}},"publisher":{"@type":"Organization","name":"tajana.cz","logo":{"@type":"ImageObject","@id":"\/logo.png","url":"\/logo.png","width":600,"height":60}},"image":{"@type":"ImageObject","@id":"https:\/\/www.tajana.cz\/wp-content\/uploads\/byt_10_5.jpg","url":"https:\/\/www.tajana.cz\/wp-content\/uploads\/byt_10_5.jpg","height":0,"width":0},"keywords":null},{"@type":"Article","@id":"https:\/\/www.tajana.cz\/na-co-myslet-pri-navrhovani-nove-kuchyne\/","headline":"Na co myslet p\u0159i navrhov\u00e1n\u00ed nov\u00e9 kuchyn\u011b?","url":"https:\/\/www.tajana.cz\/na-co-myslet-pri-navrhovani-nove-kuchyne\/","datePublished":"2021-05-15","dateModified":"2023-05-15","mainEntityOfPage":"https:\/\/www.tajana.cz\/na-co-myslet-pri-navrhovani-nove-kuchyne\/","author":{"@type":"Person","@id":"https:\/\/www.tajana.cz\/author\/#Person","name":"","url":"https:\/\/www.tajana.cz\/author\/","identifier":1,"image":{"@type":"ImageObject","@id":"https:\/\/secure.gravatar.com\/avatar\/670235c08005d2f1b80a3d56a421809661de47ce0289bd1c93d0120f6ef211a4?s=96&d=mm&r=g","url":"https:\/\/secure.gravatar.com\/avatar\/670235c08005d2f1b80a3d56a421809661de47ce0289bd1c93d0120f6ef211a4?s=96&d=mm&r=g","height":96,"width":96}},"publisher":{"@type":"Organization","name":"tajana.cz","logo":{"@type":"ImageObject","@id":"\/logo.png","url":"\/logo.png","width":600,"height":60}},"image":{"@type":"ImageObject","@id":"https:\/\/www.tajana.cz\/wp-content\/uploads\/Velk%C3%A1%20rustik%C3%A1ln%C3%AD%20kuchyn%C4%9B.jpg","url":"https:\/\/www.tajana.cz\/wp-content\/uploads\/Velk%C3%A1%20rustik%C3%A1ln%C3%AD%20kuchyn%C4%9B.jpg","height":0,"width":0},"keywords":null},{"@type":"Article","@id":"https:\/\/www.tajana.cz\/vyber-podlahove-krytiny\/","headline":"V\u00fdb\u011br podlahov\u00e9 krytiny","url":"https:\/\/www.tajana.cz\/vyber-podlahove-krytiny\/","datePublished":"2019-11-13","dateModified":"2023-05-15","mainEntityOfPage":"https:\/\/www.tajana.cz\/vyber-podlahove-krytiny\/","author":{"@type":"Person","@id":"https:\/\/www.tajana.cz\/author\/#Person","name":"","url":"https:\/\/www.tajana.cz\/author\/","identifier":1,"image":{"@type":"ImageObject","@id":"https:\/\/secure.gravatar.com\/avatar\/670235c08005d2f1b80a3d56a421809661de47ce0289bd1c93d0120f6ef211a4?s=96&d=mm&r=g","url":"https:\/\/secure.gravatar.com\/avatar\/670235c08005d2f1b80a3d56a421809661de47ce0289bd1c93d0120f6ef211a4?s=96&d=mm&r=g","height":96,"width":96}},"publisher":{"@type":"Organization","name":"tajana.cz","logo":{"@type":"ImageObject","@id":"\/logo.png","url":"\/logo.png","width":600,"height":60}},"image":{"@type":"ImageObject","@id":"https:\/\/www.tajana.cz\/wp-content\/uploads\/img_a361684_w3806_t1574867049.jpg","url":"https:\/\/www.tajana.cz\/wp-content\/uploads\/img_a361684_w3806_t1574867049.jpg","height":0,"width":0},"keywords":null},{"@type":"Article","@id":"https:\/\/www.tajana.cz\/provetravane-fasady\/","headline":"Prov\u011btr\u00e1van\u00e9 fas\u00e1dy","url":"https:\/\/www.tajana.cz\/provetravane-fasady\/","datePublished":"2019-09-22","dateModified":"2023-05-15","mainEntityOfPage":"https:\/\/www.tajana.cz\/provetravane-fasady\/","author":{"@type":"Person","@id":"https:\/\/www.tajana.cz\/author\/#Person","name":"","url":"https:\/\/www.tajana.cz\/author\/","identifier":1,"image":{"@type":"ImageObject","@id":"https:\/\/secure.gravatar.com\/avatar\/670235c08005d2f1b80a3d56a421809661de47ce0289bd1c93d0120f6ef211a4?s=96&d=mm&r=g","url":"https:\/\/secure.gravatar.com\/avatar\/670235c08005d2f1b80a3d56a421809661de47ce0289bd1c93d0120f6ef211a4?s=96&d=mm&r=g","height":96,"width":96}},"publisher":{"@type":"Organization","name":"tajana.cz","logo":{"@type":"ImageObject","@id":"\/logo.png","url":"\/logo.png","width":600,"height":60}},"image":{"@type":"ImageObject","@id":"https:\/\/www.tajana.cz\/wp-content\/uploads\/img_a354495_w3806_t1568994256.jpg","url":"https:\/\/www.tajana.cz\/wp-content\/uploads\/img_a354495_w3806_t1568994256.jpg","height":0,"width":0},"keywords":null},{"@type":"Article","@id":"https:\/\/www.tajana.cz\/8-duvodu-proc-by-kazda-domacnost-mela-mit-sedaci-vak\/","headline":"8 d\u016fvod\u016f, pro\u010d by ka\u017ed\u00e1 dom\u00e1cnost m\u011bla m\u00edt sedac\u00ed vak","url":"https:\/\/www.tajana.cz\/8-duvodu-proc-by-kazda-domacnost-mela-mit-sedaci-vak\/","datePublished":"2019-09-06","dateModified":"2023-05-15","mainEntityOfPage":"https:\/\/www.tajana.cz\/8-duvodu-proc-by-kazda-domacnost-mela-mit-sedaci-vak\/","author":{"@type":"Person","@id":"https:\/\/www.tajana.cz\/author\/#Person","name":"","url":"https:\/\/www.tajana.cz\/author\/","identifier":1,"image":{"@type":"ImageObject","@id":"https:\/\/secure.gravatar.com\/avatar\/670235c08005d2f1b80a3d56a421809661de47ce0289bd1c93d0120f6ef211a4?s=96&d=mm&r=g","url":"https:\/\/secure.gravatar.com\/avatar\/670235c08005d2f1b80a3d56a421809661de47ce0289bd1c93d0120f6ef211a4?s=96&d=mm&r=g","height":96,"width":96}},"publisher":{"@type":"Organization","name":"tajana.cz","logo":{"@type":"ImageObject","@id":"\/logo.png","url":"\/logo.png","width":600,"height":60}},"image":{"@type":"ImageObject","@id":"https:\/\/www.tajana.cz\/wp-content\/uploads\/img_a354769_w3806_t1569333211.png","url":"https:\/\/www.tajana.cz\/wp-content\/uploads\/img_a354769_w3806_t1569333211.png","height":0,"width":0},"keywords":null}]}