[{"@context":"https:\/\/schema.org\/","@type":"Article","@id":"https:\/\/www.tajana.cz\/krasne-originalni-a-prakticke-obleceni-pro-nejmensi\/#Article","mainEntityOfPage":"https:\/\/www.tajana.cz\/krasne-originalni-a-prakticke-obleceni-pro-nejmensi\/","headline":"Kr\u00e1sn\u00e9, origin\u00e1ln\u00ed a praktick\u00e9 oble\u010den\u00ed pro nejmen\u0161\u00ed","name":"Kr\u00e1sn\u00e9, origin\u00e1ln\u00ed a praktick\u00e9 oble\u010den\u00ed pro nejmen\u0161\u00ed","description":"Pl\u00e1nujete po\u0159\u00eddit v\u00fdbavi\u010dku pro sv\u00e9 miminko nebo jen hled\u00e1te vhodn\u00e9 oble\u010den\u00ed pro narozen\u00e9 miminko jako d\u00e1rek? Pak rozhodn\u011b ud\u011bl\u00e1te radost p\u0159\u00edjemn\u00fdm oble\u010den\u00edm, kter\u00e9 bude slu\u0161iv\u00e9, p\u0159\u00edjemn\u00e9 a zaj\u00edmav\u00e9. M\u016f\u017eete zakoupit rovnou n\u011bkolikad\u00edlnou v\u00fdbavu. Sladit tak m\u016f\u017eete nap\u0159\u00edklad body, \u010depi\u010dku, rukavi\u010dky, svet\u0159\u00edk, dupa\u010dky, polodupa\u010dky, ko\u0161ilku nebo \u010delenku. M\u016f\u017eete ud\u011blat n\u011bkolikad\u00edlnou sadu z v\u00e1mi vybran\u00e9 l\u00e1tky. Miminko [&hellip;]","datePublished":"2022-05-07","dateModified":"2023-05-15","author":{"@type":"Person","@id":"https:\/\/www.tajana.cz\/author\/#Person","name":"","url":"https:\/\/www.tajana.cz\/author\/","identifier":1,"image":{"@type":"ImageObject","@id":"https:\/\/secure.gravatar.com\/avatar\/670235c08005d2f1b80a3d56a421809661de47ce0289bd1c93d0120f6ef211a4?s=96&d=mm&r=g","url":"https:\/\/secure.gravatar.com\/avatar\/670235c08005d2f1b80a3d56a421809661de47ce0289bd1c93d0120f6ef211a4?s=96&d=mm&r=g","height":96,"width":96}},"publisher":{"@type":"Organization","name":"tajana.cz","logo":{"@type":"ImageObject","@id":"\/logo.png","url":"\/logo.png","width":600,"height":60}},"image":{"@type":"ImageObject","@id":"https:\/\/www.tajana.cz\/wp-content\/uploads\/baby-g568ee9fef_640.jpg","url":"https:\/\/www.tajana.cz\/wp-content\/uploads\/baby-g568ee9fef_640.jpg","height":0,"width":0},"url":"https:\/\/www.tajana.cz\/krasne-originalni-a-prakticke-obleceni-pro-nejmensi\/","about":["Produkty"],"wordCount":442,"articleBody":"   Pl\u00e1nujete po\u0159\u00eddit v\u00fdbavi\u010dku pro sv\u00e9 miminko nebo jen hled\u00e1te vhodn\u00e9 oble\u010den\u00ed pro narozen\u00e9 miminko jako d\u00e1rek? Pak rozhodn\u011b ud\u011bl\u00e1te radost p\u0159\u00edjemn\u00fdm oble\u010den\u00edm, kter\u00e9 bude slu\u0161iv\u00e9, p\u0159\u00edjemn\u00e9 a zaj\u00edmav\u00e9. M\u016f\u017eete zakoupit rovnou n\u011bkolikad\u00edlnou v\u00fdbavu. Sladit tak m\u016f\u017eete nap\u0159\u00edklad body, \u010depi\u010dku, rukavi\u010dky, svet\u0159\u00edk, dupa\u010dky, polodupa\u010dky, ko\u0161ilku nebo \u010delenku. M\u016f\u017eete ud\u011blat n\u011bkolikad\u00edlnou sadu z v\u00e1mi vybran\u00e9 l\u00e1tky. Miminko tak bude m\u00edt slu\u0161iv\u00fd komplet.Pokud nev\u00edte jakou velikost zvolit, tak u v\u011bt\u0161iny velikost\u00ed je i orienta\u010dn\u00ed m\u011bs\u00edce. Lep\u0161\u00ed je vz\u00edt v\u011bt\u0161\u00ed velikost, proto\u017ee v\u00edte, \u017ee do toho d\u00edt\u011b doroste. Kdy\u017e vezmete moc mal\u00e9, tak ho d\u00edt\u011b ani nenos\u00ed. Tak\u00e9 se rozhodujte i podle st\u0159ihu a v\u00e1hy d\u00edt\u011bte. Pro nedono\u0161en\u00e1 miminka m\u016f\u017eete tak\u00e9 sehnat speci\u00e1ln\u00ed oble\u010den\u00ed a vyr\u00e1b\u011bj\u00ed se ji\u017e i jednor\u00e1zov\u00e9 plenky. Ale i t\u011bm nejmen\u0161\u00edm m\u016f\u017eete po\u0159\u00eddit v\u011bt\u0161\u00ed velikost, oni do n\u00ed tak\u00e9 dorostou. Ale to si lze dovolit u takov\u00e9ho oble\u010den\u00ed, kter\u00e9 je vhodn\u00e9 k no\u0161en\u00ed celoro\u010dn\u011b. To aby d\u011bti do letn\u00edho oble\u010den\u00ed nedorostli a\u017e v zim\u011b.P\u0159i v\u00fdb\u011bru oble\u010den\u00ed pro miminka tak\u00e9 dbejte na slo\u017een\u00ed materi\u00e1lu. Nejlep\u0161\u00ed je bavlna nebo biobavlna bez p\u0159\u00edm\u011bs\u00ed. Bavlna se d\u00e1 pr\u00e1t na vysokou teplotu, d\u00e1 se \u017eehlit a d\u00e1vat do su\u0161i\u010dky. Nemus\u00edte se b\u00e1t d\u00e1t oble\u010den\u00ed jako d\u00e1rek. Mal\u00e1 miminka se p\u0159evl\u00e9kaj\u00ed n\u011bkolikr\u00e1t denn\u011b. A i ty v\u011bt\u0161\u00ed d\u011bti se mnohdy p\u0159evl\u00e9kaj\u00ed tak\u00e9 n\u011bkolikr\u00e1t za den. Proto je dobr\u00e9 m\u00edt v\u011bt\u0161\u00ed z\u00e1sobu oble\u010den\u00ed v r\u016fzn\u00fdch velikostech.Oble\u010den\u00ed m\u016f\u017eete vyb\u00edrat v neutr\u00e1ln\u00edch barv\u00e1ch, anebo pokud v\u00edte pohlav\u00ed miminka, tak zvolit typicky hol\u010di\u010d\u00ed nebo klu\u010dic\u00ed barvy a oble\u010den\u00ed. Ale pokud nen\u00ed pohlav\u00ed jist\u00e9, anebo si mysl\u00edte \u010di pl\u00e1nujete, \u017ee by oble\u010den\u00ed mohlo n\u00e1sledn\u011b unosit i dal\u0161\u00ed miminko, pak m\u016f\u017eete s\u00e1hnout pr\u00e1v\u011b po neutr\u00e1ln\u00edch barv\u00e1ch. Vyb\u00edrat m\u016f\u017eete r\u016fzn\u00e9 st\u0159ihy a propracov\u00e1n\u00ed a tak\u00e9 r\u016fzn\u00e9 vesel\u00e9 d\u011btsk\u00e9 motivy a obr\u00e1zky. Nebo m\u016f\u017eete koupit spole\u010densk\u00e9 oble\u010den\u00ed i pro miminka. To si m\u016f\u017ee obl\u00e9ci na v\u00edt\u00e1n\u00ed ob\u010d\u00e1nk\u016f \u010di na k\u0159tiny.                                                                                                                                                                                                                                                                                                                                                                                          4.3\/5 - (14 votes)        "},{"@context":"https:\/\/schema.org\/","@type":"BreadcrumbList","itemListElement":[{"@type":"ListItem","position":1,"name":"Kr\u00e1sn\u00e9, origin\u00e1ln\u00ed a praktick\u00e9 oble\u010den\u00ed pro nejmen\u0161\u00ed","item":"https:\/\/www.tajana.cz\/krasne-originalni-a-prakticke-obleceni-pro-nejmensi\/#breadcrumbitem"}]}]