[{"@context":"https:\/\/schema.org\/","@type":"Article","@id":"https:\/\/www.tajana.cz\/moderni-interier\/#Article","mainEntityOfPage":"https:\/\/www.tajana.cz\/moderni-interier\/","headline":"Modern\u00ed interi\u00e9r","name":"Modern\u00ed interi\u00e9r","description":"Pokud chcete m\u00edt modern\u00ed interi\u00e9r, pak se dr\u017ete p\u0159edev\u0161\u00edm \u010dist\u00fdch lini\u00ed, minim\u00e1ln\u00edho zdoben\u00ed a p\u0159edev\u0161\u00edm sv\u011btl\u00fdch barev. N\u00e1bytek je modern\u00ed sp\u00ed\u0161e ve sv\u011btl\u00fdch barv\u00e1ch, ide\u00e1ln\u011b v b\u00edl\u00e9 barv\u011b, \u010di v barv\u011b sv\u011btl\u00e9ho d\u0159eva. Modern\u00ed jsou leskl\u00e9 hladk\u00e9 materi\u00e1ly, rovn\u00e9 linie, skryt\u00e9 sk\u0159\u00edn\u011b a zrcadlov\u00e9 plochy. Nebojte se kombinovat sv\u011btl\u00fd n\u00e1bytek s tmav\u0161\u00edmi komponenty jako jsou [&hellip;]","datePublished":"2021-05-18","dateModified":"2023-09-19","author":{"@type":"Person","@id":"https:\/\/www.tajana.cz\/author\/#Person","name":"","url":"https:\/\/www.tajana.cz\/author\/","identifier":1,"image":{"@type":"ImageObject","@id":"https:\/\/secure.gravatar.com\/avatar\/670235c08005d2f1b80a3d56a421809661de47ce0289bd1c93d0120f6ef211a4?s=96&d=mm&r=g","url":"https:\/\/secure.gravatar.com\/avatar\/670235c08005d2f1b80a3d56a421809661de47ce0289bd1c93d0120f6ef211a4?s=96&d=mm&r=g","height":96,"width":96}},"publisher":{"@type":"Organization","name":"tajana.cz","logo":{"@type":"ImageObject","@id":"\/logo.png","url":"\/logo.png","width":600,"height":60}},"image":{"@type":"ImageObject","@id":"https:\/\/www.tajana.cz\/wp-content\/uploads\/modern%C3%AD%20kuchyn%C4%9B_5.jpg","url":"https:\/\/www.tajana.cz\/wp-content\/uploads\/modern%C3%AD%20kuchyn%C4%9B_5.jpg","height":0,"width":0},"url":"https:\/\/www.tajana.cz\/moderni-interier\/","about":["Produkty"],"wordCount":422,"articleBody":"    Pokud chcete m\u00edt modern\u00ed interi\u00e9r, pak se dr\u017ete p\u0159edev\u0161\u00edm \u010dist\u00fdch lini\u00ed, minim\u00e1ln\u00edho zdoben\u00ed a p\u0159edev\u0161\u00edm sv\u011btl\u00fdch barev.N\u00e1bytek je modern\u00ed sp\u00ed\u0161e ve sv\u011btl\u00fdch barv\u00e1ch, ide\u00e1ln\u011b v b\u00edl\u00e9 barv\u011b, \u010di v barv\u011b sv\u011btl\u00e9ho d\u0159eva. Modern\u00ed jsou leskl\u00e9 hladk\u00e9 materi\u00e1ly, rovn\u00e9 linie, skryt\u00e9 sk\u0159\u00edn\u011b a zrcadlov\u00e9 plochy. Nebojte se kombinovat sv\u011btl\u00fd n\u00e1bytek s tmav\u0161\u00edmi komponenty jako jsou r\u00e1me\u010dky s fotkami, v\u00e1zy a tak d\u00e1le. Podlahy mohou b\u00fdt jak d\u0159ev\u011bn\u00e9, tak t\u0159eba i dla\u017eba spolu s kusov\u00fdm kobercem. Stejn\u011b tak jsou velice kr\u00e1sn\u00e9 kombinace tmav\u00e9 podlahy a sv\u011btl\u00e9ho n\u00e1bytku. P\u0159edev\u0161\u00edm masivn\u00ed podlahy jsou v kurzu ale jejich cena tomu tak\u00e9 odpov\u00edd\u00e1.Co se barev t\u00fd\u010de jsou obl\u00edben\u00e9 p\u0159edev\u0161\u00edm sv\u011btl\u00e9 barvy, jako je b\u00edl\u00e1, b\u00e9\u017eov\u00e1, \u0161ed\u00e1, okrov\u00e1 a podobn\u011b. Rozhodn\u011b nejsou modern\u00ed k\u0159iklav\u00e9 barvy a to ani v interi\u00e9ru, ale ani v exteri\u00e9ru. K\u0159iklav\u00fdm fas\u00e1d\u00e1m dom\u016f ji\u017e d\u00e1vno odzvonilo. Pokud chcete kombinovat v interi\u00e9ru d\u0159ev\u011bn\u00e9 prvky s dal\u0161\u00edmi materi\u00e1ly, pak nep\u0159eh\u00e1n\u011bjte barevnou kombinaci, tak aby nep\u016fsobil interi\u00e9r p\u0159epl\u00e1can\u011b. Co se dopl\u0148k\u016f t\u00fd\u010de, jsou velice obl\u00edben\u00e9 jednoduch\u00e9 r\u00e1me\u010dky, kv\u011btiny, v\u00e1zy a obrazy. Ji\u017e nejsou obl\u00edben\u00e9 lapa\u010de prachu, jako so\u0161ky, de\u010dky, h\u00e1\u010dkovan\u00e9 p\u0159ehozy a tak d\u00e1le.Na st\u011bn\u00e1ch se ji\u017e d\u00e1vno nenos\u00ed tapety, jsou v m\u00f3d\u011b sp\u00ed\u0161e sv\u011btl\u00e9 st\u011bny v b\u00edl\u00e9 \u010di b\u00e9\u017eov\u00e9 barv\u011b a nebo obklady. T\u0159eba kamenn\u00fd obklad interi\u00e9r velice kr\u00e1sn\u011b rozz\u00e1\u0159\u00ed a bude vypadat jedine\u010dn\u011b. Stejn\u011b tak je vhodn\u00fd t\u0159eba i d\u0159ev\u011bn\u00fd obklad st\u011bn, kter\u00fd pro zm\u011bnu interi\u00e9r z\u00fatuln\u00ed a bude tak p\u016fsobit tepleji. Jeho barvu m\u016f\u017eete sladit s n\u00e1bytkem v interi\u00e9ru a t\u00edm se stane plnohodnotn\u00fdm dopl\u0148kem va\u0161eho domova.Samoz\u0159ejm\u011b ve\u0161ker\u00e9 vybaven\u00ed interi\u00e9ru je v\u017edy p\u0159edev\u0161\u00edm na va\u0161ich preferenc\u00edch a na tom, jak\u00e9 barvy a styly se v\u00e1m l\u00edb\u00ed. Doma se v\u00e1m prost\u011b mus\u00ed l\u00edbit a t\u00edm se \u0159i\u010fte, nic jin\u00e9ho v podstat\u011b nen\u00ed d\u016fle\u017eit\u00e9. Domov je jen v\u00e1\u0161, nikoho jin\u00e9ho.                                                                                                                                                                                                                                                                                                                                                                                         4.3\/5 - (6 votes)        "},{"@context":"https:\/\/schema.org\/","@type":"BreadcrumbList","itemListElement":[{"@type":"ListItem","position":1,"name":"Modern\u00ed interi\u00e9r","item":"https:\/\/www.tajana.cz\/moderni-interier\/#breadcrumbitem"}]}]