[{"@context":"https:\/\/schema.org\/","@type":"Blog","@id":"https:\/\/www.tajana.cz#Blog","headline":"Tajana","description":"\nV\u00a0dne\u0161n\u00ed dob\u011b sice je vesm\u011bs co \u010d\u00edst, ale to neznamen\u00e1, \u017ee je to z\u00e1hodno \u010d\u00edst. Hled\u00e1te-li n\u011bco ke \u010dten\u00ed, co je ke \u010dten\u00ed, n\u00e1\u0161 web je to prav\u00e9.","url":"https:\/\/www.tajana.cz","hasPart":[{"@type":"Article","@id":"https:\/\/www.tajana.cz\/technologie-a-ja\/","headline":"Technologie a j\u00e1","url":"https:\/\/www.tajana.cz\/technologie-a-ja\/","datePublished":"2021-11-24","dateModified":"2023-05-15","mainEntityOfPage":"https:\/\/www.tajana.cz\/technologie-a-ja\/","author":{"@type":"Person","@id":"https:\/\/www.tajana.cz\/author\/#Person","name":"","url":"https:\/\/www.tajana.cz\/author\/","identifier":1,"image":{"@type":"ImageObject","@id":"https:\/\/secure.gravatar.com\/avatar\/670235c08005d2f1b80a3d56a421809661de47ce0289bd1c93d0120f6ef211a4?s=96&d=mm&r=g","url":"https:\/\/secure.gravatar.com\/avatar\/670235c08005d2f1b80a3d56a421809661de47ce0289bd1c93d0120f6ef211a4?s=96&d=mm&r=g","height":96,"width":96}},"publisher":{"@type":"Organization","name":"tajana.cz","logo":{"@type":"ImageObject","@id":"\/logo.png","url":"\/logo.png","width":600,"height":60}},"image":{"@type":"ImageObject","@id":"https:\/\/www.tajana.cz\/wp-content\/uploads\/man-3101698_960_720_1.jpg","url":"https:\/\/www.tajana.cz\/wp-content\/uploads\/man-3101698_960_720_1.jpg","height":0,"width":0},"wordCount":518,"keywords":null},{"@type":"Article","@id":"https:\/\/www.tajana.cz\/prvni-spolecna-dovolena\/","headline":"Prvn\u00ed spole\u010dn\u00e1 dovolen\u00e1","url":"https:\/\/www.tajana.cz\/prvni-spolecna-dovolena\/","datePublished":"2021-11-23","dateModified":"2023-05-15","mainEntityOfPage":"https:\/\/www.tajana.cz\/prvni-spolecna-dovolena\/","author":{"@type":"Person","@id":"https:\/\/www.tajana.cz\/author\/#Person","name":"","url":"https:\/\/www.tajana.cz\/author\/","identifier":1,"image":{"@type":"ImageObject","@id":"https:\/\/secure.gravatar.com\/avatar\/670235c08005d2f1b80a3d56a421809661de47ce0289bd1c93d0120f6ef211a4?s=96&d=mm&r=g","url":"https:\/\/secure.gravatar.com\/avatar\/670235c08005d2f1b80a3d56a421809661de47ce0289bd1c93d0120f6ef211a4?s=96&d=mm&r=g","height":96,"width":96}},"publisher":{"@type":"Organization","name":"tajana.cz","logo":{"@type":"ImageObject","@id":"\/logo.png","url":"\/logo.png","width":600,"height":60}},"image":{"@type":"ImageObject","@id":"https:\/\/www.tajana.cz\/wp-content\/uploads\/pexels-kindel-media-7579042_1.jpg","url":"https:\/\/www.tajana.cz\/wp-content\/uploads\/pexels-kindel-media-7579042_1.jpg","height":0,"width":0},"wordCount":554,"keywords":null},{"@type":"Article","@id":"https:\/\/www.tajana.cz\/chces-si-pujcit-automobil-a-nevis-si-rady-pojd-k-nam\/","headline":"Chce\u0161 si p\u016fj\u010dit automobil? A nev\u00ed\u0161 si rady? Poj\u010f k n\u00e1m!","url":"https:\/\/www.tajana.cz\/chces-si-pujcit-automobil-a-nevis-si-rady-pojd-k-nam\/","datePublished":"2021-11-12","dateModified":"2023-05-15","mainEntityOfPage":"https:\/\/www.tajana.cz\/chces-si-pujcit-automobil-a-nevis-si-rady-pojd-k-nam\/","author":{"@type":"Person","@id":"https:\/\/www.tajana.cz\/author\/#Person","name":"","url":"https:\/\/www.tajana.cz\/author\/","identifier":1,"image":{"@type":"ImageObject","@id":"https:\/\/secure.gravatar.com\/avatar\/670235c08005d2f1b80a3d56a421809661de47ce0289bd1c93d0120f6ef211a4?s=96&d=mm&r=g","url":"https:\/\/secure.gravatar.com\/avatar\/670235c08005d2f1b80a3d56a421809661de47ce0289bd1c93d0120f6ef211a4?s=96&d=mm&r=g","height":96,"width":96}},"publisher":{"@type":"Organization","name":"tajana.cz","logo":{"@type":"ImageObject","@id":"\/logo.png","url":"\/logo.png","width":600,"height":60}},"image":{"@type":"ImageObject","@id":"https:\/\/www.tajana.cz\/wp-content\/uploads\/Fabia-III-TSI-blue-5-281x205.jpg","url":"https:\/\/www.tajana.cz\/wp-content\/uploads\/Fabia-III-TSI-blue-5-281x205.jpg","height":0,"width":0},"wordCount":573,"keywords":null},{"@type":"Article","@id":"https:\/\/www.tajana.cz\/zubni-klinika-v-melniku\/","headline":"Zubn\u00ed klinika v M\u011bln\u00edku","url":"https:\/\/www.tajana.cz\/zubni-klinika-v-melniku\/","datePublished":"2021-11-04","dateModified":"2023-05-15","mainEntityOfPage":"https:\/\/www.tajana.cz\/zubni-klinika-v-melniku\/","author":{"@type":"Person","@id":"https:\/\/www.tajana.cz\/author\/#Person","name":"","url":"https:\/\/www.tajana.cz\/author\/","identifier":1,"image":{"@type":"ImageObject","@id":"https:\/\/secure.gravatar.com\/avatar\/670235c08005d2f1b80a3d56a421809661de47ce0289bd1c93d0120f6ef211a4?s=96&d=mm&r=g","url":"https:\/\/secure.gravatar.com\/avatar\/670235c08005d2f1b80a3d56a421809661de47ce0289bd1c93d0120f6ef211a4?s=96&d=mm&r=g","height":96,"width":96}},"publisher":{"@type":"Organization","name":"tajana.cz","logo":{"@type":"ImageObject","@id":"\/logo.png","url":"\/logo.png","width":600,"height":60}},"image":{"@type":"ImageObject","@id":"https:\/\/www.tajana.cz\/wp-content\/uploads\/bolest%20zub%C5%AF_2.jpg","url":"https:\/\/www.tajana.cz\/wp-content\/uploads\/bolest%20zub%C5%AF_2.jpg","height":0,"width":0},"wordCount":618,"keywords":null},{"@type":"Article","@id":"https:\/\/www.tajana.cz\/drevostavby-jsou-postaveny-raz-dva\/","headline":"D\u0159evostavby jsou postaveny raz dva","url":"https:\/\/www.tajana.cz\/drevostavby-jsou-postaveny-raz-dva\/","datePublished":"2021-10-03","dateModified":"2023-05-15","mainEntityOfPage":"https:\/\/www.tajana.cz\/drevostavby-jsou-postaveny-raz-dva\/","author":{"@type":"Person","@id":"https:\/\/www.tajana.cz\/author\/#Person","name":"","url":"https:\/\/www.tajana.cz\/author\/","identifier":1,"image":{"@type":"ImageObject","@id":"https:\/\/secure.gravatar.com\/avatar\/670235c08005d2f1b80a3d56a421809661de47ce0289bd1c93d0120f6ef211a4?s=96&d=mm&r=g","url":"https:\/\/secure.gravatar.com\/avatar\/670235c08005d2f1b80a3d56a421809661de47ce0289bd1c93d0120f6ef211a4?s=96&d=mm&r=g","height":96,"width":96}},"publisher":{"@type":"Organization","name":"tajana.cz","logo":{"@type":"ImageObject","@id":"\/logo.png","url":"\/logo.png","width":600,"height":60}},"image":{"@type":"ImageObject","@id":"https:\/\/www.tajana.cz\/wp-content\/uploads\/house-g54a016ba9_1920.jpg","url":"https:\/\/www.tajana.cz\/wp-content\/uploads\/house-g54a016ba9_1920.jpg","height":0,"width":0},"wordCount":547,"keywords":null},{"@type":"Article","@id":"https:\/\/www.tajana.cz\/trapi-vas-exekuce-a-tezka-zivotni-situace-spojena-s-nepriznivou-financni-situaci-najdete-cestu-ven\/","headline":"Tr\u00e1p\u00ed v\u00e1s exekuce a t\u011b\u017ek\u00e1 \u017eivotn\u00ed situace spojen\u00e1 s nep\u0159\u00edznivou finan\u010dn\u00ed situac\u00ed? Najd\u011bte cestu ven!","url":"https:\/\/www.tajana.cz\/trapi-vas-exekuce-a-tezka-zivotni-situace-spojena-s-nepriznivou-financni-situaci-najdete-cestu-ven\/","datePublished":"2021-09-15","dateModified":"2023-05-15","mainEntityOfPage":"https:\/\/www.tajana.cz\/trapi-vas-exekuce-a-tezka-zivotni-situace-spojena-s-nepriznivou-financni-situaci-najdete-cestu-ven\/","author":{"@type":"Person","@id":"https:\/\/www.tajana.cz\/author\/#Person","name":"","url":"https:\/\/www.tajana.cz\/author\/","identifier":1,"image":{"@type":"ImageObject","@id":"https:\/\/secure.gravatar.com\/avatar\/670235c08005d2f1b80a3d56a421809661de47ce0289bd1c93d0120f6ef211a4?s=96&d=mm&r=g","url":"https:\/\/secure.gravatar.com\/avatar\/670235c08005d2f1b80a3d56a421809661de47ce0289bd1c93d0120f6ef211a4?s=96&d=mm&r=g","height":96,"width":96}},"publisher":{"@type":"Organization","name":"tajana.cz","logo":{"@type":"ImageObject","@id":"\/logo.png","url":"\/logo.png","width":600,"height":60}},"image":{"@type":"ImageObject","@id":"https:\/\/www.tajana.cz\/wp-content\/uploads\/pexels-photo-210990_2.jpeg","url":"https:\/\/www.tajana.cz\/wp-content\/uploads\/pexels-photo-210990_2.jpeg","height":0,"width":0},"wordCount":627,"keywords":null},{"@type":"Article","@id":"https:\/\/www.tajana.cz\/prakticka-technika\/","headline":"Praktick\u00e1 technika","url":"https:\/\/www.tajana.cz\/prakticka-technika\/","datePublished":"2021-09-13","dateModified":"2023-05-15","mainEntityOfPage":"https:\/\/www.tajana.cz\/prakticka-technika\/","author":{"@type":"Person","@id":"https:\/\/www.tajana.cz\/author\/#Person","name":"","url":"https:\/\/www.tajana.cz\/author\/","identifier":1,"image":{"@type":"ImageObject","@id":"https:\/\/secure.gravatar.com\/avatar\/670235c08005d2f1b80a3d56a421809661de47ce0289bd1c93d0120f6ef211a4?s=96&d=mm&r=g","url":"https:\/\/secure.gravatar.com\/avatar\/670235c08005d2f1b80a3d56a421809661de47ce0289bd1c93d0120f6ef211a4?s=96&d=mm&r=g","height":96,"width":96}},"publisher":{"@type":"Organization","name":"tajana.cz","logo":{"@type":"ImageObject","@id":"\/logo.png","url":"\/logo.png","width":600,"height":60}},"image":{"@type":"ImageObject","@id":"https:\/\/www.tajana.cz\/wp-content\/uploads\/time-2980690_640.jpg","url":"https:\/\/www.tajana.cz\/wp-content\/uploads\/time-2980690_640.jpg","height":0,"width":0},"wordCount":537,"keywords":null},{"@type":"Article","@id":"https:\/\/www.tajana.cz\/rybareni-je-i-pro-duchodce\/","headline":"Ryba\u0159en\u00ed je i pro d\u016fchodce","url":"https:\/\/www.tajana.cz\/rybareni-je-i-pro-duchodce\/","datePublished":"2021-09-03","dateModified":"2023-05-15","mainEntityOfPage":"https:\/\/www.tajana.cz\/rybareni-je-i-pro-duchodce\/","author":{"@type":"Person","@id":"https:\/\/www.tajana.cz\/author\/#Person","name":"","url":"https:\/\/www.tajana.cz\/author\/","identifier":1,"image":{"@type":"ImageObject","@id":"https:\/\/secure.gravatar.com\/avatar\/670235c08005d2f1b80a3d56a421809661de47ce0289bd1c93d0120f6ef211a4?s=96&d=mm&r=g","url":"https:\/\/secure.gravatar.com\/avatar\/670235c08005d2f1b80a3d56a421809661de47ce0289bd1c93d0120f6ef211a4?s=96&d=mm&r=g","height":96,"width":96}},"publisher":{"@type":"Organization","name":"tajana.cz","logo":{"@type":"ImageObject","@id":"\/logo.png","url":"\/logo.png","width":600,"height":60}},"image":{"@type":"ImageObject","@id":"https:\/\/www.tajana.cz\/wp-content\/uploads\/rod-g4fbe72284_1280.png","url":"https:\/\/www.tajana.cz\/wp-content\/uploads\/rod-g4fbe72284_1280.png","height":0,"width":0},"wordCount":605,"keywords":null},{"@type":"Article","@id":"https:\/\/www.tajana.cz\/naucte-se-investovat\/","headline":"Nau\u010dte se investovat","url":"https:\/\/www.tajana.cz\/naucte-se-investovat\/","datePublished":"2021-08-12","dateModified":"2023-05-15","mainEntityOfPage":"https:\/\/www.tajana.cz\/naucte-se-investovat\/","author":{"@type":"Person","@id":"https:\/\/www.tajana.cz\/author\/#Person","name":"","url":"https:\/\/www.tajana.cz\/author\/","identifier":1,"image":{"@type":"ImageObject","@id":"https:\/\/secure.gravatar.com\/avatar\/670235c08005d2f1b80a3d56a421809661de47ce0289bd1c93d0120f6ef211a4?s=96&d=mm&r=g","url":"https:\/\/secure.gravatar.com\/avatar\/670235c08005d2f1b80a3d56a421809661de47ce0289bd1c93d0120f6ef211a4?s=96&d=mm&r=g","height":96,"width":96}},"publisher":{"@type":"Organization","name":"tajana.cz","logo":{"@type":"ImageObject","@id":"\/logo.png","url":"\/logo.png","width":600,"height":60}},"image":{"@type":"ImageObject","@id":"https:\/\/www.tajana.cz\/wp-content\/uploads\/ruli%C4%8Dka%20bankovek.jpg","url":"https:\/\/www.tajana.cz\/wp-content\/uploads\/ruli%C4%8Dka%20bankovek.jpg","height":0,"width":0},"wordCount":772,"keywords":null},{"@type":"Article","@id":"https:\/\/www.tajana.cz\/hodnota-penezi-v-zivote\/","headline":"Hodnota pen\u011bzi v \u017eivot\u011b","url":"https:\/\/www.tajana.cz\/hodnota-penezi-v-zivote\/","datePublished":"2021-07-23","dateModified":"2021-07-23","mainEntityOfPage":"https:\/\/www.tajana.cz\/hodnota-penezi-v-zivote\/","author":{"@type":"Person","@id":"https:\/\/www.tajana.cz\/author\/#Person","name":"","url":"https:\/\/www.tajana.cz\/author\/","identifier":1,"image":{"@type":"ImageObject","@id":"https:\/\/secure.gravatar.com\/avatar\/670235c08005d2f1b80a3d56a421809661de47ce0289bd1c93d0120f6ef211a4?s=96&d=mm&r=g","url":"https:\/\/secure.gravatar.com\/avatar\/670235c08005d2f1b80a3d56a421809661de47ce0289bd1c93d0120f6ef211a4?s=96&d=mm&r=g","height":96,"width":96}},"publisher":{"@type":"Organization","name":"tajana.cz","logo":{"@type":"ImageObject","@id":"\/logo.png","url":"\/logo.png","width":600,"height":60}},"image":{"@type":"ImageObject","@id":"https:\/\/www.tajana.cz\/wp-content\/uploads\/pen%C3%ADze%20n%20notebooku.jpg","url":"https:\/\/www.tajana.cz\/wp-content\/uploads\/pen%C3%ADze%20n%20notebooku.jpg","height":0,"width":0},"wordCount":711,"keywords":null}]},{"@context":"https:\/\/schema.org","@type":"WebSite","@id":"https:\/\/www.tajana.cz\/#website","name":"Tajana","url":"https:\/\/www.tajana.cz","potentialAction":{"@type":"SearchAction","target":"https:\/\/www.tajana.cz\/?s={search_term_string}","query-input":"required name=search_term_string"}}]