[{"@context":"https:\/\/schema.org\/","@type":"Blog","@id":"https:\/\/www.tajana.cz#Blog","headline":"Tajana","description":"\nV\u00a0dne\u0161n\u00ed dob\u011b sice je vesm\u011bs co \u010d\u00edst, ale to neznamen\u00e1, \u017ee je to z\u00e1hodno \u010d\u00edst. Hled\u00e1te-li n\u011bco ke \u010dten\u00ed, co je ke \u010dten\u00ed, n\u00e1\u0161 web je to prav\u00e9.","url":"https:\/\/www.tajana.cz","hasPart":[{"@type":"Article","@id":"https:\/\/www.tajana.cz\/tak-to-zacina\/","headline":"Tak to za\u010d\u00edn\u00e1","url":"https:\/\/www.tajana.cz\/tak-to-zacina\/","datePublished":"2025-06-11","dateModified":"2025-06-11","mainEntityOfPage":"https:\/\/www.tajana.cz\/tak-to-zacina\/","author":{"@type":"Person","@id":"https:\/\/www.tajana.cz\/author\/#Person","name":"","url":"https:\/\/www.tajana.cz\/author\/","identifier":1,"image":{"@type":"ImageObject","@id":"https:\/\/secure.gravatar.com\/avatar\/670235c08005d2f1b80a3d56a421809661de47ce0289bd1c93d0120f6ef211a4?s=96&d=mm&r=g","url":"https:\/\/secure.gravatar.com\/avatar\/670235c08005d2f1b80a3d56a421809661de47ce0289bd1c93d0120f6ef211a4?s=96&d=mm&r=g","height":96,"width":96}},"publisher":{"@type":"Organization","name":"tajana.cz","logo":{"@type":"ImageObject","@id":"\/logo.png","url":"\/logo.png","width":600,"height":60}},"image":{"@type":"ImageObject","@id":"https:\/\/www.tajana.cz\/wp-content\/uploads\/fireplace-416042_640_6.jpg","url":"https:\/\/www.tajana.cz\/wp-content\/uploads\/fireplace-416042_640_6.jpg","height":0,"width":0},"wordCount":551,"keywords":null},{"@type":"Article","@id":"https:\/\/www.tajana.cz\/jak-podporit-seznameni-dvou-nesmelych-lidi\/","headline":"Jak podpo\u0159it sezn\u00e1men\u00ed dvou nesm\u011bl\u00fdch lid\u00ed","url":"https:\/\/www.tajana.cz\/jak-podporit-seznameni-dvou-nesmelych-lidi\/","datePublished":"2025-06-10","dateModified":"2025-06-10","mainEntityOfPage":"https:\/\/www.tajana.cz\/jak-podporit-seznameni-dvou-nesmelych-lidi\/","author":{"@type":"Person","@id":"https:\/\/www.tajana.cz\/author\/#Person","name":"","url":"https:\/\/www.tajana.cz\/author\/","identifier":1,"image":{"@type":"ImageObject","@id":"https:\/\/secure.gravatar.com\/avatar\/670235c08005d2f1b80a3d56a421809661de47ce0289bd1c93d0120f6ef211a4?s=96&d=mm&r=g","url":"https:\/\/secure.gravatar.com\/avatar\/670235c08005d2f1b80a3d56a421809661de47ce0289bd1c93d0120f6ef211a4?s=96&d=mm&r=g","height":96,"width":96}},"publisher":{"@type":"Organization","name":"tajana.cz","logo":{"@type":"ImageObject","@id":"\/logo.png","url":"\/logo.png","width":600,"height":60}},"image":{"@type":"ImageObject","@id":"https:\/\/www.tajana.cz\/wp-content\/uploads\/checkmate-1511866_640_1.jpg","url":"https:\/\/www.tajana.cz\/wp-content\/uploads\/checkmate-1511866_640_1.jpg","height":0,"width":0},"wordCount":643,"keywords":null},{"@type":"Article","@id":"https:\/\/www.tajana.cz\/zafinancujte-rekonstrukci-bydleni-pomoci-hypoteky\/","headline":"Zafinancujte rekonstrukci bydlen\u00ed pomoc\u00ed hypot\u00e9ky","url":"https:\/\/www.tajana.cz\/zafinancujte-rekonstrukci-bydleni-pomoci-hypoteky\/","datePublished":"2025-06-01","dateModified":"2025-06-01","mainEntityOfPage":"https:\/\/www.tajana.cz\/zafinancujte-rekonstrukci-bydleni-pomoci-hypoteky\/","author":{"@type":"Person","@id":"https:\/\/www.tajana.cz\/author\/#Person","name":"","url":"https:\/\/www.tajana.cz\/author\/","identifier":1,"image":{"@type":"ImageObject","@id":"https:\/\/secure.gravatar.com\/avatar\/670235c08005d2f1b80a3d56a421809661de47ce0289bd1c93d0120f6ef211a4?s=96&d=mm&r=g","url":"https:\/\/secure.gravatar.com\/avatar\/670235c08005d2f1b80a3d56a421809661de47ce0289bd1c93d0120f6ef211a4?s=96&d=mm&r=g","height":96,"width":96}},"publisher":{"@type":"Organization","name":"tajana.cz","logo":{"@type":"ImageObject","@id":"\/logo.png","url":"\/logo.png","width":600,"height":60}},"image":{"@type":"ImageObject","@id":"https:\/\/www.tajana.cz\/wp-content\/uploads\/valentin-salja-YF6zKlSfGtw-unsplash_2.jpg","url":"https:\/\/www.tajana.cz\/wp-content\/uploads\/valentin-salja-YF6zKlSfGtw-unsplash_2.jpg","height":0,"width":0},"wordCount":601,"keywords":null},{"@type":"Article","@id":"https:\/\/www.tajana.cz\/na-vranovske-prehrade-se-rozhodne-nudit-nemusite\/","headline":"Na Vranovsk\u00e9 p\u0159ehrad\u011b se rozhodn\u011b nudit nemus\u00edte","url":"https:\/\/www.tajana.cz\/na-vranovske-prehrade-se-rozhodne-nudit-nemusite\/","datePublished":"2025-04-20","dateModified":"2025-04-20","mainEntityOfPage":"https:\/\/www.tajana.cz\/na-vranovske-prehrade-se-rozhodne-nudit-nemusite\/","author":{"@type":"Person","@id":"https:\/\/www.tajana.cz\/author\/#Person","name":"","url":"https:\/\/www.tajana.cz\/author\/","identifier":1,"image":{"@type":"ImageObject","@id":"https:\/\/secure.gravatar.com\/avatar\/670235c08005d2f1b80a3d56a421809661de47ce0289bd1c93d0120f6ef211a4?s=96&d=mm&r=g","url":"https:\/\/secure.gravatar.com\/avatar\/670235c08005d2f1b80a3d56a421809661de47ce0289bd1c93d0120f6ef211a4?s=96&d=mm&r=g","height":96,"width":96}},"publisher":{"@type":"Organization","name":"tajana.cz","logo":{"@type":"ImageObject","@id":"\/logo.png","url":"\/logo.png","width":600,"height":60}},"image":{"@type":"ImageObject","@id":"https:\/\/www.tajana.cz\/wp-content\/uploads\/czechia-988734_640_10_5.jpg","url":"https:\/\/www.tajana.cz\/wp-content\/uploads\/czechia-988734_640_10_5.jpg","height":0,"width":0},"wordCount":555,"keywords":null},{"@type":"Article","@id":"https:\/\/www.tajana.cz\/sportovni-obleceni\/","headline":"Sportovn\u00ed oble\u010den\u00ed","url":"https:\/\/www.tajana.cz\/sportovni-obleceni\/","datePublished":"2025-04-19","dateModified":"2025-04-19","mainEntityOfPage":"https:\/\/www.tajana.cz\/sportovni-obleceni\/","author":{"@type":"Person","@id":"https:\/\/www.tajana.cz\/author\/#Person","name":"","url":"https:\/\/www.tajana.cz\/author\/","identifier":1,"image":{"@type":"ImageObject","@id":"https:\/\/secure.gravatar.com\/avatar\/670235c08005d2f1b80a3d56a421809661de47ce0289bd1c93d0120f6ef211a4?s=96&d=mm&r=g","url":"https:\/\/secure.gravatar.com\/avatar\/670235c08005d2f1b80a3d56a421809661de47ce0289bd1c93d0120f6ef211a4?s=96&d=mm&r=g","height":96,"width":96}},"publisher":{"@type":"Organization","name":"tajana.cz","logo":{"@type":"ImageObject","@id":"\/logo.png","url":"\/logo.png","width":600,"height":60}},"image":null,"wordCount":220,"keywords":null},{"@type":"Article","@id":"https:\/\/www.tajana.cz\/je-libo-strategii\/","headline":"Je libo strategii?","url":"https:\/\/www.tajana.cz\/je-libo-strategii\/","datePublished":"2025-04-15","dateModified":"2025-04-15","mainEntityOfPage":"https:\/\/www.tajana.cz\/je-libo-strategii\/","author":{"@type":"Person","@id":"https:\/\/www.tajana.cz\/author\/#Person","name":"","url":"https:\/\/www.tajana.cz\/author\/","identifier":1,"image":{"@type":"ImageObject","@id":"https:\/\/secure.gravatar.com\/avatar\/670235c08005d2f1b80a3d56a421809661de47ce0289bd1c93d0120f6ef211a4?s=96&d=mm&r=g","url":"https:\/\/secure.gravatar.com\/avatar\/670235c08005d2f1b80a3d56a421809661de47ce0289bd1c93d0120f6ef211a4?s=96&d=mm&r=g","height":96,"width":96}},"publisher":{"@type":"Organization","name":"tajana.cz","logo":{"@type":"ImageObject","@id":"\/logo.png","url":"\/logo.png","width":600,"height":60}},"image":null,"wordCount":244,"keywords":null},{"@type":"Article","@id":"https:\/\/www.tajana.cz\/jsou-firemni-darky-dobry-napad\/","headline":"Jsou firemn\u00ed d\u00e1rky dobr\u00fd n\u00e1pad?","url":"https:\/\/www.tajana.cz\/jsou-firemni-darky-dobry-napad\/","datePublished":"2025-04-14","dateModified":"2025-04-14","mainEntityOfPage":"https:\/\/www.tajana.cz\/jsou-firemni-darky-dobry-napad\/","author":{"@type":"Person","@id":"https:\/\/www.tajana.cz\/author\/#Person","name":"","url":"https:\/\/www.tajana.cz\/author\/","identifier":1,"image":{"@type":"ImageObject","@id":"https:\/\/secure.gravatar.com\/avatar\/670235c08005d2f1b80a3d56a421809661de47ce0289bd1c93d0120f6ef211a4?s=96&d=mm&r=g","url":"https:\/\/secure.gravatar.com\/avatar\/670235c08005d2f1b80a3d56a421809661de47ce0289bd1c93d0120f6ef211a4?s=96&d=mm&r=g","height":96,"width":96}},"publisher":{"@type":"Organization","name":"tajana.cz","logo":{"@type":"ImageObject","@id":"\/logo.png","url":"\/logo.png","width":600,"height":60}},"image":{"@type":"ImageObject","@id":"https:\/\/www.tajana.cz\/wp-content\/uploads\/rekpredmet1_3.jpg","url":"https:\/\/www.tajana.cz\/wp-content\/uploads\/rekpredmet1_3.jpg","height":0,"width":0},"wordCount":625,"keywords":null},{"@type":"Article","@id":"https:\/\/www.tajana.cz\/odborniky-na-chiptuning-naleznete-u-nas\/","headline":"Odborn\u00edky na chiptuning naleznete u n\u00e1s!","url":"https:\/\/www.tajana.cz\/odborniky-na-chiptuning-naleznete-u-nas\/","datePublished":"2025-04-06","dateModified":"2025-04-06","mainEntityOfPage":"https:\/\/www.tajana.cz\/odborniky-na-chiptuning-naleznete-u-nas\/","author":{"@type":"Person","@id":"https:\/\/www.tajana.cz\/author\/#Person","name":"","url":"https:\/\/www.tajana.cz\/author\/","identifier":1,"image":{"@type":"ImageObject","@id":"https:\/\/secure.gravatar.com\/avatar\/670235c08005d2f1b80a3d56a421809661de47ce0289bd1c93d0120f6ef211a4?s=96&d=mm&r=g","url":"https:\/\/secure.gravatar.com\/avatar\/670235c08005d2f1b80a3d56a421809661de47ce0289bd1c93d0120f6ef211a4?s=96&d=mm&r=g","height":96,"width":96}},"publisher":{"@type":"Organization","name":"tajana.cz","logo":{"@type":"ImageObject","@id":"\/logo.png","url":"\/logo.png","width":600,"height":60}},"image":null,"wordCount":229,"keywords":null},{"@type":"Article","@id":"https:\/\/www.tajana.cz\/nabidnete-praci-pomoci-inzeratu\/","headline":"Nab\u00eddn\u011bte pr\u00e1ci pomoc\u00ed inzer\u00e1t\u016f","url":"https:\/\/www.tajana.cz\/nabidnete-praci-pomoci-inzeratu\/","datePublished":"2025-03-28","dateModified":"2025-03-28","mainEntityOfPage":"https:\/\/www.tajana.cz\/nabidnete-praci-pomoci-inzeratu\/","author":{"@type":"Person","@id":"https:\/\/www.tajana.cz\/author\/#Person","name":"","url":"https:\/\/www.tajana.cz\/author\/","identifier":1,"image":{"@type":"ImageObject","@id":"https:\/\/secure.gravatar.com\/avatar\/670235c08005d2f1b80a3d56a421809661de47ce0289bd1c93d0120f6ef211a4?s=96&d=mm&r=g","url":"https:\/\/secure.gravatar.com\/avatar\/670235c08005d2f1b80a3d56a421809661de47ce0289bd1c93d0120f6ef211a4?s=96&d=mm&r=g","height":96,"width":96}},"publisher":{"@type":"Organization","name":"tajana.cz","logo":{"@type":"ImageObject","@id":"\/logo.png","url":"\/logo.png","width":600,"height":60}},"image":null,"wordCount":234,"keywords":null},{"@type":"Article","@id":"https:\/\/www.tajana.cz\/chorvatsko-dovolena\/","headline":"Chorvatsko dovolen\u00e1","url":"https:\/\/www.tajana.cz\/chorvatsko-dovolena\/","datePublished":"2025-03-23","dateModified":"2025-03-23","mainEntityOfPage":"https:\/\/www.tajana.cz\/chorvatsko-dovolena\/","author":{"@type":"Person","@id":"https:\/\/www.tajana.cz\/author\/#Person","name":"","url":"https:\/\/www.tajana.cz\/author\/","identifier":1,"image":{"@type":"ImageObject","@id":"https:\/\/secure.gravatar.com\/avatar\/670235c08005d2f1b80a3d56a421809661de47ce0289bd1c93d0120f6ef211a4?s=96&d=mm&r=g","url":"https:\/\/secure.gravatar.com\/avatar\/670235c08005d2f1b80a3d56a421809661de47ce0289bd1c93d0120f6ef211a4?s=96&d=mm&r=g","height":96,"width":96}},"publisher":{"@type":"Organization","name":"tajana.cz","logo":{"@type":"ImageObject","@id":"\/logo.png","url":"\/logo.png","width":600,"height":60}},"image":null,"wordCount":213,"keywords":null}]},{"@context":"https:\/\/schema.org","@type":"WebSite","@id":"https:\/\/www.tajana.cz\/#website","name":"Tajana","url":"https:\/\/www.tajana.cz","potentialAction":{"@type":"SearchAction","target":"https:\/\/www.tajana.cz\/?s={search_term_string}","query-input":"required name=search_term_string"}}]