[{"@context":"https:\/\/schema.org\/","@type":"Blog","@id":"https:\/\/www.tajana.cz#Blog","headline":"Tajana","description":"\nV\u00a0dne\u0161n\u00ed dob\u011b sice je vesm\u011bs co \u010d\u00edst, ale to neznamen\u00e1, \u017ee je to z\u00e1hodno \u010d\u00edst. Hled\u00e1te-li n\u011bco ke \u010dten\u00ed, co je ke \u010dten\u00ed, n\u00e1\u0161 web je to prav\u00e9.","url":"https:\/\/www.tajana.cz","hasPart":[{"@type":"Article","@id":"https:\/\/www.tajana.cz\/nakupte-si-levne-a-jdete-za-slevami-ktere-jsou-prave-aktualni\/","headline":"Nakupte si levn\u011b a jd\u011bte za slevami, kter\u00e9 jsou pr\u00e1v\u011b aktu\u00e1ln\u00ed","url":"https:\/\/www.tajana.cz\/nakupte-si-levne-a-jdete-za-slevami-ktere-jsou-prave-aktualni\/","datePublished":"2025-07-16","dateModified":"2025-07-16","mainEntityOfPage":"https:\/\/www.tajana.cz\/nakupte-si-levne-a-jdete-za-slevami-ktere-jsou-prave-aktualni\/","author":{"@type":"Person","@id":"https:\/\/www.tajana.cz\/author\/#Person","name":"","url":"https:\/\/www.tajana.cz\/author\/","identifier":1,"image":{"@type":"ImageObject","@id":"https:\/\/secure.gravatar.com\/avatar\/670235c08005d2f1b80a3d56a421809661de47ce0289bd1c93d0120f6ef211a4?s=96&d=mm&r=g","url":"https:\/\/secure.gravatar.com\/avatar\/670235c08005d2f1b80a3d56a421809661de47ce0289bd1c93d0120f6ef211a4?s=96&d=mm&r=g","height":96,"width":96}},"publisher":{"@type":"Organization","name":"tajana.cz","logo":{"@type":"ImageObject","@id":"\/logo.png","url":"\/logo.png","width":600,"height":60}},"image":null,"wordCount":193,"keywords":null},{"@type":"Article","@id":"https:\/\/www.tajana.cz\/kazdy-den-mate-uces-jak-od-kadernika\/","headline":"Ka\u017ed\u00fd den m\u00e1te \u00fa\u010des jak od kade\u0159n\u00edka","url":"https:\/\/www.tajana.cz\/kazdy-den-mate-uces-jak-od-kadernika\/","datePublished":"2025-07-09","dateModified":"2025-07-09","mainEntityOfPage":"https:\/\/www.tajana.cz\/kazdy-den-mate-uces-jak-od-kadernika\/","author":{"@type":"Person","@id":"https:\/\/www.tajana.cz\/author\/#Person","name":"","url":"https:\/\/www.tajana.cz\/author\/","identifier":1,"image":{"@type":"ImageObject","@id":"https:\/\/secure.gravatar.com\/avatar\/670235c08005d2f1b80a3d56a421809661de47ce0289bd1c93d0120f6ef211a4?s=96&d=mm&r=g","url":"https:\/\/secure.gravatar.com\/avatar\/670235c08005d2f1b80a3d56a421809661de47ce0289bd1c93d0120f6ef211a4?s=96&d=mm&r=g","height":96,"width":96}},"publisher":{"@type":"Organization","name":"tajana.cz","logo":{"@type":"ImageObject","@id":"\/logo.png","url":"\/logo.png","width":600,"height":60}},"image":null,"wordCount":217,"keywords":null},{"@type":"Article","@id":"https:\/\/www.tajana.cz\/pouzivate-iphone\/","headline":"Pou\u017e\u00edv\u00e1te iPhone?","url":"https:\/\/www.tajana.cz\/pouzivate-iphone\/","datePublished":"2025-07-06","dateModified":"2025-07-06","mainEntityOfPage":"https:\/\/www.tajana.cz\/pouzivate-iphone\/","author":{"@type":"Person","@id":"https:\/\/www.tajana.cz\/author\/#Person","name":"","url":"https:\/\/www.tajana.cz\/author\/","identifier":1,"image":{"@type":"ImageObject","@id":"https:\/\/secure.gravatar.com\/avatar\/670235c08005d2f1b80a3d56a421809661de47ce0289bd1c93d0120f6ef211a4?s=96&d=mm&r=g","url":"https:\/\/secure.gravatar.com\/avatar\/670235c08005d2f1b80a3d56a421809661de47ce0289bd1c93d0120f6ef211a4?s=96&d=mm&r=g","height":96,"width":96}},"publisher":{"@type":"Organization","name":"tajana.cz","logo":{"@type":"ImageObject","@id":"\/logo.png","url":"\/logo.png","width":600,"height":60}},"image":{"@type":"ImageObject","@id":"https:\/\/www.tajana.cz\/wp-content\/uploads\/t_10_10_5.jpg","url":"https:\/\/www.tajana.cz\/wp-content\/uploads\/t_10_10_5.jpg","height":0,"width":0},"wordCount":629,"keywords":null},{"@type":"Article","@id":"https:\/\/www.tajana.cz\/ksiltovka-pro-seznamovaci-party\/","headline":"K\u0161iltovka pro seznamovac\u00ed party","url":"https:\/\/www.tajana.cz\/ksiltovka-pro-seznamovaci-party\/","datePublished":"2025-07-04","dateModified":"2025-07-04","mainEntityOfPage":"https:\/\/www.tajana.cz\/ksiltovka-pro-seznamovaci-party\/","author":{"@type":"Person","@id":"https:\/\/www.tajana.cz\/author\/#Person","name":"","url":"https:\/\/www.tajana.cz\/author\/","identifier":1,"image":{"@type":"ImageObject","@id":"https:\/\/secure.gravatar.com\/avatar\/670235c08005d2f1b80a3d56a421809661de47ce0289bd1c93d0120f6ef211a4?s=96&d=mm&r=g","url":"https:\/\/secure.gravatar.com\/avatar\/670235c08005d2f1b80a3d56a421809661de47ce0289bd1c93d0120f6ef211a4?s=96&d=mm&r=g","height":96,"width":96}},"publisher":{"@type":"Organization","name":"tajana.cz","logo":{"@type":"ImageObject","@id":"\/logo.png","url":"\/logo.png","width":600,"height":60}},"image":{"@type":"ImageObject","@id":"https:\/\/www.tajana.cz\/wp-content\/uploads\/caps-2882476_640_3.jpg","url":"https:\/\/www.tajana.cz\/wp-content\/uploads\/caps-2882476_640_3.jpg","height":0,"width":0},"wordCount":634,"keywords":null},{"@type":"Article","@id":"https:\/\/www.tajana.cz\/prakticka-zalezitost\/","headline":"Praktick\u00e1 z\u00e1le\u017eitost","url":"https:\/\/www.tajana.cz\/prakticka-zalezitost\/","datePublished":"2025-07-01","dateModified":"2025-07-01","mainEntityOfPage":"https:\/\/www.tajana.cz\/prakticka-zalezitost\/","author":{"@type":"Person","@id":"https:\/\/www.tajana.cz\/author\/#Person","name":"","url":"https:\/\/www.tajana.cz\/author\/","identifier":1,"image":{"@type":"ImageObject","@id":"https:\/\/secure.gravatar.com\/avatar\/670235c08005d2f1b80a3d56a421809661de47ce0289bd1c93d0120f6ef211a4?s=96&d=mm&r=g","url":"https:\/\/secure.gravatar.com\/avatar\/670235c08005d2f1b80a3d56a421809661de47ce0289bd1c93d0120f6ef211a4?s=96&d=mm&r=g","height":96,"width":96}},"publisher":{"@type":"Organization","name":"tajana.cz","logo":{"@type":"ImageObject","@id":"\/logo.png","url":"\/logo.png","width":600,"height":60}},"image":null,"wordCount":210,"keywords":null},{"@type":"Article","@id":"https:\/\/www.tajana.cz\/trapi-vas-bolesti-zad\/","headline":"Tr\u00e1p\u00ed v\u00e1s bolesti zad?","url":"https:\/\/www.tajana.cz\/trapi-vas-bolesti-zad\/","datePublished":"2025-06-27","dateModified":"2025-06-27","mainEntityOfPage":"https:\/\/www.tajana.cz\/trapi-vas-bolesti-zad\/","author":{"@type":"Person","@id":"https:\/\/www.tajana.cz\/author\/#Person","name":"","url":"https:\/\/www.tajana.cz\/author\/","identifier":1,"image":{"@type":"ImageObject","@id":"https:\/\/secure.gravatar.com\/avatar\/670235c08005d2f1b80a3d56a421809661de47ce0289bd1c93d0120f6ef211a4?s=96&d=mm&r=g","url":"https:\/\/secure.gravatar.com\/avatar\/670235c08005d2f1b80a3d56a421809661de47ce0289bd1c93d0120f6ef211a4?s=96&d=mm&r=g","height":96,"width":96}},"publisher":{"@type":"Organization","name":"tajana.cz","logo":{"@type":"ImageObject","@id":"\/logo.png","url":"\/logo.png","width":600,"height":60}},"image":null,"wordCount":219,"keywords":null},{"@type":"Article","@id":"https:\/\/www.tajana.cz\/seznamte-se-s-konopnym-seminkem\/","headline":"Seznamte se s konopn\u00fdm sem\u00ednkem","url":"https:\/\/www.tajana.cz\/seznamte-se-s-konopnym-seminkem\/","datePublished":"2025-06-19","dateModified":"2025-06-19","mainEntityOfPage":"https:\/\/www.tajana.cz\/seznamte-se-s-konopnym-seminkem\/","author":{"@type":"Person","@id":"https:\/\/www.tajana.cz\/author\/#Person","name":"","url":"https:\/\/www.tajana.cz\/author\/","identifier":1,"image":{"@type":"ImageObject","@id":"https:\/\/secure.gravatar.com\/avatar\/670235c08005d2f1b80a3d56a421809661de47ce0289bd1c93d0120f6ef211a4?s=96&d=mm&r=g","url":"https:\/\/secure.gravatar.com\/avatar\/670235c08005d2f1b80a3d56a421809661de47ce0289bd1c93d0120f6ef211a4?s=96&d=mm&r=g","height":96,"width":96}},"publisher":{"@type":"Organization","name":"tajana.cz","logo":{"@type":"ImageObject","@id":"\/logo.png","url":"\/logo.png","width":600,"height":60}},"image":null,"wordCount":196,"keywords":null},{"@type":"Article","@id":"https:\/\/www.tajana.cz\/podarilo-se-nam-vybojovat-si-ucast-mezi-elitou\/","headline":"Poda\u0159ilo se n\u00e1m vybojovat si \u00fa\u010dast mezi elitou","url":"https:\/\/www.tajana.cz\/podarilo-se-nam-vybojovat-si-ucast-mezi-elitou\/","datePublished":"2025-06-13","dateModified":"2025-06-13","mainEntityOfPage":"https:\/\/www.tajana.cz\/podarilo-se-nam-vybojovat-si-ucast-mezi-elitou\/","author":{"@type":"Person","@id":"https:\/\/www.tajana.cz\/author\/#Person","name":"","url":"https:\/\/www.tajana.cz\/author\/","identifier":1,"image":{"@type":"ImageObject","@id":"https:\/\/secure.gravatar.com\/avatar\/670235c08005d2f1b80a3d56a421809661de47ce0289bd1c93d0120f6ef211a4?s=96&d=mm&r=g","url":"https:\/\/secure.gravatar.com\/avatar\/670235c08005d2f1b80a3d56a421809661de47ce0289bd1c93d0120f6ef211a4?s=96&d=mm&r=g","height":96,"width":96}},"publisher":{"@type":"Organization","name":"tajana.cz","logo":{"@type":"ImageObject","@id":"\/logo.png","url":"\/logo.png","width":600,"height":60}},"image":null,"wordCount":213,"keywords":null},{"@type":"Article","@id":"https:\/\/www.tajana.cz\/tak-to-zacina\/","headline":"Tak to za\u010d\u00edn\u00e1","url":"https:\/\/www.tajana.cz\/tak-to-zacina\/","datePublished":"2025-06-11","dateModified":"2025-06-11","mainEntityOfPage":"https:\/\/www.tajana.cz\/tak-to-zacina\/","author":{"@type":"Person","@id":"https:\/\/www.tajana.cz\/author\/#Person","name":"","url":"https:\/\/www.tajana.cz\/author\/","identifier":1,"image":{"@type":"ImageObject","@id":"https:\/\/secure.gravatar.com\/avatar\/670235c08005d2f1b80a3d56a421809661de47ce0289bd1c93d0120f6ef211a4?s=96&d=mm&r=g","url":"https:\/\/secure.gravatar.com\/avatar\/670235c08005d2f1b80a3d56a421809661de47ce0289bd1c93d0120f6ef211a4?s=96&d=mm&r=g","height":96,"width":96}},"publisher":{"@type":"Organization","name":"tajana.cz","logo":{"@type":"ImageObject","@id":"\/logo.png","url":"\/logo.png","width":600,"height":60}},"image":{"@type":"ImageObject","@id":"https:\/\/www.tajana.cz\/wp-content\/uploads\/fireplace-416042_640_6.jpg","url":"https:\/\/www.tajana.cz\/wp-content\/uploads\/fireplace-416042_640_6.jpg","height":0,"width":0},"wordCount":551,"keywords":null},{"@type":"Article","@id":"https:\/\/www.tajana.cz\/jak-podporit-seznameni-dvou-nesmelych-lidi\/","headline":"Jak podpo\u0159it sezn\u00e1men\u00ed dvou nesm\u011bl\u00fdch lid\u00ed","url":"https:\/\/www.tajana.cz\/jak-podporit-seznameni-dvou-nesmelych-lidi\/","datePublished":"2025-06-10","dateModified":"2025-06-10","mainEntityOfPage":"https:\/\/www.tajana.cz\/jak-podporit-seznameni-dvou-nesmelych-lidi\/","author":{"@type":"Person","@id":"https:\/\/www.tajana.cz\/author\/#Person","name":"","url":"https:\/\/www.tajana.cz\/author\/","identifier":1,"image":{"@type":"ImageObject","@id":"https:\/\/secure.gravatar.com\/avatar\/670235c08005d2f1b80a3d56a421809661de47ce0289bd1c93d0120f6ef211a4?s=96&d=mm&r=g","url":"https:\/\/secure.gravatar.com\/avatar\/670235c08005d2f1b80a3d56a421809661de47ce0289bd1c93d0120f6ef211a4?s=96&d=mm&r=g","height":96,"width":96}},"publisher":{"@type":"Organization","name":"tajana.cz","logo":{"@type":"ImageObject","@id":"\/logo.png","url":"\/logo.png","width":600,"height":60}},"image":{"@type":"ImageObject","@id":"https:\/\/www.tajana.cz\/wp-content\/uploads\/checkmate-1511866_640_1.jpg","url":"https:\/\/www.tajana.cz\/wp-content\/uploads\/checkmate-1511866_640_1.jpg","height":0,"width":0},"wordCount":643,"keywords":null}]},{"@context":"https:\/\/schema.org","@type":"WebSite","@id":"https:\/\/www.tajana.cz\/#website","name":"Tajana","url":"https:\/\/www.tajana.cz","potentialAction":{"@type":"SearchAction","target":"https:\/\/www.tajana.cz\/?s={search_term_string}","query-input":"required name=search_term_string"}}]