[{"@context":"https:\/\/schema.org\/","@type":"Article","@id":"https:\/\/www.tajana.cz\/prarodice-a-it\/#Article","mainEntityOfPage":"https:\/\/www.tajana.cz\/prarodice-a-it\/","headline":"Prarodi\u010de a IT","name":"Prarodi\u010de a IT","description":"Nejd\u016fle\u017eit\u011bj\u0161\u00ed na sv\u011bt\u011b je respekt a pochopen\u00ed, a to je p\u0159esn\u011b to, co mnoha lidem v\u00a0dne\u0161n\u00ed dob\u011b chyb\u00ed. Hlavn\u011b mnoho lid\u00ed nev\u00ed, \u017ee by n\u011bjak\u00fd respekt m\u011bli m\u00edt, proto\u017ee si mysl\u00ed, \u017ee kdy\u017e maj\u00ed pen\u00edze, m\u016f\u017eou v\u0161echno. Tak to opravdu nen\u00ed a pen\u00edze nejsou v\u0161echno. Jde hlavn\u011b o charakter \u010dlov\u011bka, a tak by se nikdy [&hellip;]","datePublished":"2022-03-28","dateModified":"2023-05-15","author":{"@type":"Person","@id":"https:\/\/www.tajana.cz\/author\/#Person","name":"","url":"https:\/\/www.tajana.cz\/author\/","identifier":1,"image":{"@type":"ImageObject","@id":"https:\/\/secure.gravatar.com\/avatar\/670235c08005d2f1b80a3d56a421809661de47ce0289bd1c93d0120f6ef211a4?s=96&d=mm&r=g","url":"https:\/\/secure.gravatar.com\/avatar\/670235c08005d2f1b80a3d56a421809661de47ce0289bd1c93d0120f6ef211a4?s=96&d=mm&r=g","height":96,"width":96}},"publisher":{"@type":"Organization","name":"tajana.cz","logo":{"@type":"ImageObject","@id":"\/logo.png","url":"\/logo.png","width":600,"height":60}},"image":{"@type":"ImageObject","@id":"https:\/\/www.tajana.cz\/wp-content\/uploads\/digital-marketing-1725340__340_1.jpg","url":"https:\/\/www.tajana.cz\/wp-content\/uploads\/digital-marketing-1725340__340_1.jpg","height":0,"width":0},"url":"https:\/\/www.tajana.cz\/prarodice-a-it\/","about":["IT"],"wordCount":492,"articleBody":"Nejd\u016fle\u017eit\u011bj\u0161\u00ed na sv\u011bt\u011b je respekt a pochopen\u00ed, a to je p\u0159esn\u011b to, co mnoha lidem v\u00a0dne\u0161n\u00ed dob\u011b chyb\u00ed. Hlavn\u011b mnoho lid\u00ed nev\u00ed, \u017ee by n\u011bjak\u00fd respekt m\u011bli m\u00edt, proto\u017ee si mysl\u00ed, \u017ee kdy\u017e maj\u00ed pen\u00edze, m\u016f\u017eou v\u0161echno. Tak to opravdu nen\u00ed a pen\u00edze nejsou v\u0161echno. Jde hlavn\u011b o charakter \u010dlov\u011bka, a tak by se nikdy nikdo nem\u011bl nad n\u011bkoho povy\u0161ovat, hlavn\u011b kdy\u017e nen\u00ed pro\u010d. Ka\u017ed\u00fd jsme jin\u00ed a m\u00e1me jin\u00e9 z\u00e1jmy, stejn\u011b tak \u017eijeme jin\u00e9 \u017eivoty a nikdy nev\u00edte pro\u010d nap\u0159\u00edklad ten \u010dlov\u011bk skon\u010dil na ulici a co tam d\u011bl\u00e1. M\u016f\u017ee to b\u00fdt t\u0159eba situace, kdy ho opustila rodina a on se z\u00a0toho psychicky zhroutil, p\u0159estal chodit do pr\u00e1ce, proto\u017ee jak chcete norm\u00e1ln\u011b fungovat, kdy\u017e m\u00e1te deprese a podobn\u011b. Pak tu je ale mo\u017enost, \u017ee \u010dlov\u011bk necht\u011bl pracovat a chytnul se \u0161patn\u00fdch lid\u00ed. To je pak jeho probl\u00e9m, ale i tak, ned\u011bl\u00e1 to z\u00a0n\u011bj nikoho m\u00e9n\u011b ne\u017e jste vy, pokud nijak neohro\u017euje v\u00e1\u0161 \u017eivot a chov\u00e1 se norm\u00e1ln\u011b, nebo si v\u00e1s nev\u0161\u00edm\u00e1. \u010clov\u011bk je m\u00e9n\u011b a\u017e kdy\u017e ubl\u00ed\u017e\u00ed tomu druh\u00e9mu nebo ud\u011bl\u00e1 n\u011bjak\u00fd trestn\u00fd \u010din nebo zkr\u00e1tka n\u011bco, co ubl\u00ed\u017e\u00ed tomu druh\u00e9mu. To je pak n\u011bco m\u00e9n\u011b, ale do t\u00e9 doby ne, i kdyby vypadal sebev\u00edc hrozn\u011b. Mus\u00edme m\u00edt respekt naprosto ke ka\u017ed\u00e9mu, koho kdy potk\u00e1me, proto\u017ee jsme si sob\u011b rovni. I k\u00a0mlad\u00fdm lidem, nap\u0159\u00edklad k\u00a0d\u011btem, i k\u00a0t\u011bm star\u00fdm, pokud se k\u00a0n\u00e1m chovaj\u00ed hezky a s\u00a0\u00factou. Pokud to jsou takov\u00ed ti protivn\u00ed d\u016fchodci, co do v\u00e1s \u017educhaj\u00ed v\u00a0obchod\u011b, tak si z\u00a0toho nic ned\u011blejte a nesna\u017ete se b\u00fdt za ka\u017edou cenu mil\u00ed. Ti si to zrovna nezaslou\u017e\u00ed. Ale nap\u0159\u00edklad nen\u00ed pro\u010d b\u00fdt neuctiv\u00fd jen kv\u016fli tomu, \u017ee t\u0159eba sta\u0159\u00ed lid\u00e9, t\u0159eba konkr\u00e9tn\u011b prarodi\u010de neum\u00ed s\u00a0modern\u00ed technikou a IT. Zpravidla jsou cel\u00fd \u017eivot zvykl\u00ed na n\u011bco a najednou bum a p\u0159ijde jim do \u017eivota n\u011bco naprosto nov\u00e9ho, co nikdy neza\u017eili. Jak byste na podobnou situaci reagovali? No \u00fapln\u011b stejn\u011b.Lid\u00e9 se tak chovaj\u00ed, kdy\u017e nejsou na n\u011bco zvykl\u00ed a logicky jim trv\u00e1, ne\u017e se adaptuj\u00ed na nov\u00e9 prost\u0159ed\u00ed. Mus\u00edte nav\u00edc br\u00e1t v\u00a0\u00favahu, \u017ee jde i o to, \u017ee jsou tito lid\u00e9 star\u0161\u00ed a mozky t\u011bchto lid\u00ed u\u017e neum\u00ed tak rychle myslet a v\u0161e si zapamatovat. Proto pokud po v\u00e1s n\u011bkdy budou n\u011bco cht\u00edt, tak nebu\u010fte na\u0161tvan\u00ed a klidn\u011b jim to p\u011btkr\u00e1t vysv\u011btlete. Oni za to nemohou.                                                                                                                                                                                                                                                                                                                                                                                        3.8\/5 - (9 votes)        "},{"@context":"https:\/\/schema.org\/","@type":"BreadcrumbList","itemListElement":[{"@type":"ListItem","position":1,"name":"Prarodi\u010de a IT","item":"https:\/\/www.tajana.cz\/prarodice-a-it\/#breadcrumbitem"}]}]