[{"@context":"https:\/\/schema.org\/","@type":"Article","@id":"https:\/\/www.tajana.cz\/provetravane-fasady\/#Article","mainEntityOfPage":"https:\/\/www.tajana.cz\/provetravane-fasady\/","headline":"Prov\u011btr\u00e1van\u00e9 fas\u00e1dy","name":"Prov\u011btr\u00e1van\u00e9 fas\u00e1dy","description":"Fas\u00e1da je prvn\u00edm reprezenta\u010dn\u00edm prvkem dom\u00e1cnosti. Kdo chce modern\u00ed bydlen\u00ed, nespokoj\u00ed se jen tak s&nbsp;ledajakou a s\u00e1hne rovnou po t\u00e9 nejmodern\u011bj\u0161\u00ed. Tou jsou prov\u011btr\u00e1van\u00e9 fas\u00e1dy, kter\u00e9 jsou zdrav\u011bj\u0161\u00ed a tak\u00e9 \u00fasporn\u011bj\u0161\u00ed. Spolu s prov\u011btr\u00e1vanou&nbsp;fas\u00e1dou dom\u00e1cnost z\u00edsk\u00e1 tak\u00e9 ur\u010dit\u00fd druh zateplen\u00ed, kter\u00fd ale pracuje trochu jinak, ne\u017e zn\u00e1m\u011bj\u0161\u00ed polystyrenov\u00e9 zateplen\u00ed. Mezi tepeln\u00fdm izolantem (miner\u00e1ln\u00ed vata) a [&hellip;]","datePublished":"2019-09-22","dateModified":"2023-05-15","author":{"@type":"Person","@id":"https:\/\/www.tajana.cz\/author\/#Person","name":"","url":"https:\/\/www.tajana.cz\/author\/","identifier":1,"image":{"@type":"ImageObject","@id":"https:\/\/secure.gravatar.com\/avatar\/670235c08005d2f1b80a3d56a421809661de47ce0289bd1c93d0120f6ef211a4?s=96&d=mm&r=g","url":"https:\/\/secure.gravatar.com\/avatar\/670235c08005d2f1b80a3d56a421809661de47ce0289bd1c93d0120f6ef211a4?s=96&d=mm&r=g","height":96,"width":96}},"publisher":{"@type":"Organization","name":"tajana.cz","logo":{"@type":"ImageObject","@id":"\/logo.png","url":"\/logo.png","width":600,"height":60}},"image":{"@type":"ImageObject","@id":"https:\/\/www.tajana.cz\/wp-content\/uploads\/img_a354495_w3806_t1568994256.jpg","url":"https:\/\/www.tajana.cz\/wp-content\/uploads\/img_a354495_w3806_t1568994256.jpg","height":0,"width":0},"url":"https:\/\/www.tajana.cz\/provetravane-fasady\/","about":["Byt a d\u016fm"],"wordCount":539,"articleBody":"Fas\u00e1da je prvn\u00edm reprezenta\u010dn\u00edm prvkem dom\u00e1cnosti. Kdo chce modern\u00ed bydlen\u00ed, nespokoj\u00ed se jen tak s&nbsp;ledajakou a s\u00e1hne rovnou po t\u00e9 nejmodern\u011bj\u0161\u00ed. Tou jsou prov\u011btr\u00e1van\u00e9 fas\u00e1dy, kter\u00e9 jsou zdrav\u011bj\u0161\u00ed a tak\u00e9 \u00fasporn\u011bj\u0161\u00ed.Spolu s prov\u011btr\u00e1vanou&nbsp;fas\u00e1dou dom\u00e1cnost z\u00edsk\u00e1 tak\u00e9 ur\u010dit\u00fd druh zateplen\u00ed, kter\u00fd ale pracuje trochu jinak, ne\u017e zn\u00e1m\u011bj\u0161\u00ed polystyrenov\u00e9 zateplen\u00ed. Mezi tepeln\u00fdm izolantem (miner\u00e1ln\u00ed vata) a deskami je zanech\u00e1na vzduchov\u00e1 mezera, kter\u00e1 pomoc\u00ed proud\u011bn\u00ed vzduchu pom\u00e1h\u00e1 odv\u00e1d\u011bt vlhkost z&nbsp;domu, a proto nedoch\u00e1z\u00ed ke tvorb\u011b pl\u00edsn\u00ed jako u polystyrenov\u00e9 varianty. U t\u00e9 je pot\u0159eba v\u011btrat, p\u0159i\u010dem\u017e doch\u00e1z\u00ed k&nbsp;\u00faniku tepla, co\u017e je v&nbsp;zim\u011b ne\u017e\u00e1douc\u00ed.Po\u0159\u00edzen\u00ed tohoto druhu zateplen\u00ed p\u0159in\u00e1\u0161\u00ed spoustu v\u00fdhod:&middot;&nbsp;&nbsp;&nbsp;&nbsp;&nbsp;&nbsp;&nbsp;&nbsp; P\u0159ita\u017eliv\u00fd vzhled, kter\u00fd se spolu se zateplen\u00edm z\u00edsk\u00e1v\u00e1.&middot;&nbsp;&nbsp;&nbsp;&nbsp;&nbsp;&nbsp;&nbsp;&nbsp; Sn\u00ed\u017een\u00ed v\u00fddaj\u016f za vyt\u00e1p\u011bn\u00ed, proto\u017ee m\u00e1 tepeln\u011b-izola\u010dn\u00ed vlastnosti, kter\u00fdch lze vyu\u017e\u00edt tak\u00e9 v&nbsp;l\u00e9t\u011b, kdy d\u016fm naopak ochlazuje.&middot;&nbsp;&nbsp;&nbsp;&nbsp;&nbsp;&nbsp;&nbsp;&nbsp; Na zdech se netvo\u0159\u00ed pl\u00edsn\u011b d\u00edky cirkulaci vzduchu, kterou zaji\u0161\u0165uje zanechan\u00e1 mezera.&middot;&nbsp;&nbsp;&nbsp;&nbsp;&nbsp;&nbsp;&nbsp;&nbsp; P\u0159i po\u0159\u00edzen\u00ed kvalitn\u00edch oken bude spolu se zateplov\u00e1n\u00edm tvo\u0159it tak\u00e9 odhlu\u010d\u0148ovac\u00ed efekt. Do domu neproniknou \u017e\u00e1dn\u00e9 ruchy z&nbsp;ulice.&middot;&nbsp;&nbsp;&nbsp;&nbsp;&nbsp;&nbsp;&nbsp;&nbsp; Zdivo domu z\u016fst\u00e1v\u00e1 such\u00e9, \u010d\u00edm\u017e se prodlu\u017euje \u017eivotnost cel\u00e9ho domu.&middot;&nbsp;&nbsp;&nbsp;&nbsp;&nbsp;&nbsp;&nbsp;&nbsp; \u017divotnost tohoto druhu je mnohem del\u0161\u00ed ne\u017e u oby\u010dejn\u00fdch fas\u00e1d. Nav\u00edc se jedn\u00e1 o bez\u00fadr\u017ebov\u00e9 obklady, kter\u00e9 vydr\u017e\u00ed stejn\u011b kr\u00e1sn\u00e9 i po uplynut\u00ed des\u00edtek let. V&nbsp;p\u0159\u00edpad\u011b po\u0161kozen\u00ed se vym\u011bn\u00ed pouze po\u0161kozen\u00e1 \u010d\u00e1st, co\u017e vede tak\u00e9 k&nbsp;finan\u010dn\u00edm \u00faspor\u00e1m. V&nbsp;p\u0159\u00edpad\u011b klasick\u00e9 verze by se toti\u017e tato musela opravovat cel\u00e1.Na v\u00fdb\u011br je z&nbsp;n\u011bkolika materi\u00e1l\u016f fas\u00e1d:&middot;&nbsp;&nbsp;&nbsp;&nbsp;&nbsp;&nbsp;&nbsp;&nbsp; Cementovl\u00e1knit\u00e9 oblo\u017een\u00ed tvo\u0159\u00ed sm\u011bs cementu a siliky vyztu\u017een\u00fdch mineralizovan\u00fdm celul\u00f3zov\u00fdm vl\u00e1knem. Jsou velmi odoln\u00e9 a vyhovuj\u00ed po\u017e\u00e1rn\u00edm standard\u016fm. Hod\u00ed se do t\u00e9m\u011b\u0159 ka\u017ed\u00e9ho prost\u0159ed\u00ed.&middot;&nbsp;&nbsp;&nbsp;&nbsp;&nbsp;&nbsp;&nbsp;&nbsp; D\u0159ev\u011bn\u00fd obklad m\u00e1 bakelitov\u00e9 j\u00e1dro a dv\u011b povrchov\u00e9 f\u00f3lie, kter\u00e9 jej chr\u00e1n\u00ed proti p\u0159\u00edrodn\u00edm vliv\u016fm i mechanick\u00fdch po\u0161kozen\u00ed. Jsou pevn\u00e9 a velmi odoln\u00e9.&middot;&nbsp;&nbsp;&nbsp;&nbsp;&nbsp;&nbsp;&nbsp;&nbsp; Keramick\u00e9 obklady jsou odoln\u00e9 a hod\u00ed se proto na v\u0161echny typy budov. Maj\u00ed matn\u00fd i leskl\u00fd povrch, kter\u00fd je odoln\u00fd proti ot\u011bru i od\u011bru.&middot;&nbsp;&nbsp;&nbsp;&nbsp;&nbsp;&nbsp;&nbsp;&nbsp; Porcel\u00e1nov\u00e9 desky jsou odoln\u00e9 v\u016f\u010di ohni i atmosf\u00e9rick\u00fdm vliv\u016fm. Jsou lehk\u00e9 a vypadaj\u00ed velmi luxusn\u011b.                                                                                                                                                                                                                                                                                                                                                                                        4.4\/5 - (7 votes)        "},{"@context":"https:\/\/schema.org\/","@type":"BreadcrumbList","itemListElement":[{"@type":"ListItem","position":1,"name":"Prov\u011btr\u00e1van\u00e9 fas\u00e1dy","item":"https:\/\/www.tajana.cz\/provetravane-fasady\/#breadcrumbitem"}]}]