[{"@context":"https:\/\/schema.org\/","@type":"Article","@id":"https:\/\/www.tajana.cz\/tak-to-zacina\/#Article","mainEntityOfPage":"https:\/\/www.tajana.cz\/tak-to-zacina\/","headline":"Tak to za\u010d\u00edn\u00e1","name":"Tak to za\u010d\u00edn\u00e1","description":"Pokud si ti dva spolu rozum\u00ed, tedy jako mlad\u00ed a nov\u00ed majitel\u00e9, nebudou m\u00edt asi v\u011bt\u0161\u00ed pot\u00ed\u017ee. Pokud maj\u00ed ov\u0161em ka\u017ed\u00fd jin\u00fd n\u00e1zor, tak tu bude je\u0161t\u011b moc veselo. Ta z\u00e1kladn\u00ed v\u011bc je to, \u017ee n\u011bkdo chce tamto a druh\u00fd zase ono. Jen\u017ee, za\u0159\u00eddit si byt tak, aby byl modern\u00ed a tak\u00e9 aby to n\u011bjak [&hellip;]","datePublished":"2025-06-11","dateModified":"2025-06-11","author":{"@type":"Person","@id":"https:\/\/www.tajana.cz\/author\/#Person","name":"","url":"https:\/\/www.tajana.cz\/author\/","identifier":1,"image":{"@type":"ImageObject","@id":"https:\/\/secure.gravatar.com\/avatar\/670235c08005d2f1b80a3d56a421809661de47ce0289bd1c93d0120f6ef211a4?s=96&d=mm&r=g","url":"https:\/\/secure.gravatar.com\/avatar\/670235c08005d2f1b80a3d56a421809661de47ce0289bd1c93d0120f6ef211a4?s=96&d=mm&r=g","height":96,"width":96}},"publisher":{"@type":"Organization","name":"tajana.cz","logo":{"@type":"ImageObject","@id":"\/logo.png","url":"\/logo.png","width":600,"height":60}},"image":{"@type":"ImageObject","@id":"https:\/\/www.tajana.cz\/wp-content\/uploads\/fireplace-416042_640_6.jpg","url":"https:\/\/www.tajana.cz\/wp-content\/uploads\/fireplace-416042_640_6.jpg","height":0,"width":0},"url":"https:\/\/www.tajana.cz\/tak-to-zacina\/","about":["Byt a d\u016fm"],"wordCount":417,"articleBody":"       Pokud si ti dva spolu rozum\u00ed, tedy jako mlad\u00ed a nov\u00ed majitel\u00e9, nebudou m\u00edt asi v\u011bt\u0161\u00ed pot\u00ed\u017ee. Pokud maj\u00ed ov\u0161em ka\u017ed\u00fd jin\u00fd n\u00e1zor, tak tu bude je\u0161t\u011b moc veselo. Ta z\u00e1kladn\u00ed v\u011bc je to, \u017ee n\u011bkdo chce tamto a druh\u00fd zase ono. Jen\u017ee, za\u0159\u00eddit si byt tak, aby byl modern\u00ed a tak\u00e9 aby to n\u011bjak vypadalo nezvl\u00e1dne \u00fapln\u011b ka\u017ed\u00fd. Je to t\u00edm, \u017ee ne ka\u017ed\u00fd m\u00e1 absolutn\u00ed p\u0159ehled o tom, co se ve sv\u011bt\u011b nyn\u00ed pova\u017euje za m\u00f3dn\u00ed kusy vybaven\u00ed dom\u00e1cnosti a co je ji\u017e odstr\u010deno motykou na okraj z\u00e1jmu. Pokud p\u0159ijdete do obchodu s t\u011bmito v\u011bcmi nebo n\u00e1bytkem, je podle nich novinka v\u0161echno. Je to pochopiteln\u00e9, proto\u017ee oni to mus\u00ed prodat. Jestli to zrovna ve sv\u011bt\u011b fr\u010d\u00ed, to u\u017e je, jako prodejce, nezaj\u00edm\u00e1. Oni se mus\u00ed n\u011b\u010d\u00edm \u017eivit. Co d\u011blat v situaci, kdy stoj\u00edme p\u0159ed probl\u00e9mem, jak si tedy vlastn\u011b byt za\u0159\u00eddit. Mus\u00edme se prob\u00edrat hordami cizojazy\u010dn\u00fdch \u010dasopis\u016f nebo webov\u00fdch str\u00e1nek? Kdo se v tom m\u00e1 vyznat. Nu, samoz\u0159ejm\u011b, \u017ee nemus\u00edte. K tomu v\u00e1s nikdo nem\u016f\u017ee nutit. Ale pokud chcete m\u00edt byt na skute\u010dn\u00e9 \u00farovni, budete se muset poradit. A to s n\u011bk\u00fdm, kdo v\u011bci skute\u010dn\u011b rozum\u00ed. Ne teta Ag\u00e1ta to nebude, i kdy\u017e ned\u00e1vno sousedce \u010calam\u00e1dov\u00e9 za\u0159\u00eddila lo\u017enici svou starou postel\u00ed a sama si po\u0159\u00eddila novou z bazaru. Nebudou to asi ani kamar\u00e1di z hospody nebo str\u00fd\u010dek Okurka, kter\u00fd tomu rozum\u00ed, proto\u017ee na WC v hospod\u011b na\u0161el star\u00fd \u010dasopis o n\u00e1bytku. Vy pot\u0159ebujete \u010dlov\u011bka studovan\u00e9ho, nejl\u00e9pe v zahrani\u010d\u00ed a znal\u00e9ho problematiky. To, \u017ee mus\u00ed m\u00edt p\u0159ehled o sou\u010dasn\u00e9 situaci je snad jasn\u00e9. Takov\u00e9 lidi naleznete nap\u0159\u00edklad na internetu. A k dispozici v\u00e1m m\u016f\u017ee b\u00fdt nap\u0159\u00edklad bytov\u00fd architekt Praha Evalofa. To je p\u0159esn\u011b to, co vy hled\u00e1te, to je to bez \u010deho se nyn\u00ed nem\u016f\u017eete obej\u00edt. Neprome\u0161kejte proto svou p\u0159\u00edle\u017eitost, proto\u017ee ne v\u017edy mus\u00ed b\u00fdt n\u011bkdo z odborn\u00edk\u016f voln\u00fd. Ihned klikn\u011bte na odkaz, kter\u00fd vid\u00edte o n\u011bco v\u00fd\u0161e a spojte se s k\u00fdmkoli, koho na nov\u00e9m webu naleznete.                                                                                                                                                                                                                                                                                                                                                                                           4\/5 - (8 votes)        "},{"@context":"https:\/\/schema.org\/","@type":"BreadcrumbList","itemListElement":[{"@type":"ListItem","position":1,"name":"Tak to za\u010d\u00edn\u00e1","item":"https:\/\/www.tajana.cz\/tak-to-zacina\/#breadcrumbitem"}]}]