{"@context":"https:\/\/schema.org\/","@type":"CollectionPage","@id":"https:\/\/www.tajana.cz\/it\/#CollectionPage","headline":"IT Category","description":"","url":"https:\/\/www.tajana.cz\/it\/","hasPart":[{"@type":"Article","@id":"https:\/\/www.tajana.cz\/ti-kteri-zvladaji-it-jsou-casto-velice-dobri\/","headline":"Ti, kte\u0159\u00ed zvl\u00e1daj\u00ed IT, jsou \u010dasto velice dob\u0159\u00ed","url":"https:\/\/www.tajana.cz\/ti-kteri-zvladaji-it-jsou-casto-velice-dobri\/","datePublished":"2022-06-13","dateModified":"2023-05-15","mainEntityOfPage":"https:\/\/www.tajana.cz\/ti-kteri-zvladaji-it-jsou-casto-velice-dobri\/","author":{"@type":"Person","@id":"https:\/\/www.tajana.cz\/author\/#Person","name":"","url":"https:\/\/www.tajana.cz\/author\/","identifier":1,"image":{"@type":"ImageObject","@id":"https:\/\/secure.gravatar.com\/avatar\/670235c08005d2f1b80a3d56a421809661de47ce0289bd1c93d0120f6ef211a4?s=96&d=mm&r=g","url":"https:\/\/secure.gravatar.com\/avatar\/670235c08005d2f1b80a3d56a421809661de47ce0289bd1c93d0120f6ef211a4?s=96&d=mm&r=g","height":96,"width":96}},"publisher":{"@type":"Organization","name":"tajana.cz","logo":{"@type":"ImageObject","@id":"\/logo.png","url":"\/logo.png","width":600,"height":60}},"image":{"@type":"ImageObject","@id":"https:\/\/www.tajana.cz\/wp-content\/uploads\/po%C4%8Di_3.JPG","url":"https:\/\/www.tajana.cz\/wp-content\/uploads\/po%C4%8Di_3.JPG","height":0,"width":0},"keywords":null},{"@type":"Article","@id":"https:\/\/www.tajana.cz\/prarodice-a-it\/","headline":"Prarodi\u010de a IT","url":"https:\/\/www.tajana.cz\/prarodice-a-it\/","datePublished":"2022-03-28","dateModified":"2023-05-15","mainEntityOfPage":"https:\/\/www.tajana.cz\/prarodice-a-it\/","author":{"@type":"Person","@id":"https:\/\/www.tajana.cz\/author\/#Person","name":"","url":"https:\/\/www.tajana.cz\/author\/","identifier":1,"image":{"@type":"ImageObject","@id":"https:\/\/secure.gravatar.com\/avatar\/670235c08005d2f1b80a3d56a421809661de47ce0289bd1c93d0120f6ef211a4?s=96&d=mm&r=g","url":"https:\/\/secure.gravatar.com\/avatar\/670235c08005d2f1b80a3d56a421809661de47ce0289bd1c93d0120f6ef211a4?s=96&d=mm&r=g","height":96,"width":96}},"publisher":{"@type":"Organization","name":"tajana.cz","logo":{"@type":"ImageObject","@id":"\/logo.png","url":"\/logo.png","width":600,"height":60}},"image":{"@type":"ImageObject","@id":"https:\/\/www.tajana.cz\/wp-content\/uploads\/digital-marketing-1725340__340_1.jpg","url":"https:\/\/www.tajana.cz\/wp-content\/uploads\/digital-marketing-1725340__340_1.jpg","height":0,"width":0},"keywords":null},{"@type":"Article","@id":"https:\/\/www.tajana.cz\/technologie-a-ja\/","headline":"Technologie a j\u00e1","url":"https:\/\/www.tajana.cz\/technologie-a-ja\/","datePublished":"2021-11-24","dateModified":"2023-05-15","mainEntityOfPage":"https:\/\/www.tajana.cz\/technologie-a-ja\/","author":{"@type":"Person","@id":"https:\/\/www.tajana.cz\/author\/#Person","name":"","url":"https:\/\/www.tajana.cz\/author\/","identifier":1,"image":{"@type":"ImageObject","@id":"https:\/\/secure.gravatar.com\/avatar\/670235c08005d2f1b80a3d56a421809661de47ce0289bd1c93d0120f6ef211a4?s=96&d=mm&r=g","url":"https:\/\/secure.gravatar.com\/avatar\/670235c08005d2f1b80a3d56a421809661de47ce0289bd1c93d0120f6ef211a4?s=96&d=mm&r=g","height":96,"width":96}},"publisher":{"@type":"Organization","name":"tajana.cz","logo":{"@type":"ImageObject","@id":"\/logo.png","url":"\/logo.png","width":600,"height":60}},"image":{"@type":"ImageObject","@id":"https:\/\/www.tajana.cz\/wp-content\/uploads\/man-3101698_960_720_1.jpg","url":"https:\/\/www.tajana.cz\/wp-content\/uploads\/man-3101698_960_720_1.jpg","height":0,"width":0},"keywords":null},{"@type":"Article","@id":"https:\/\/www.tajana.cz\/malovani-i-matematicka-logika-jaka-je-prace-v-informacnich-technologiich\/","headline":"Malov\u00e1n\u00ed i matematick\u00e1 logika. Jak\u00e1 je pr\u00e1ce v informa\u010dn\u00edch technologi\u00edch?","url":"https:\/\/www.tajana.cz\/malovani-i-matematicka-logika-jaka-je-prace-v-informacnich-technologiich\/","datePublished":"2019-11-15","dateModified":"2023-05-15","mainEntityOfPage":"https:\/\/www.tajana.cz\/malovani-i-matematicka-logika-jaka-je-prace-v-informacnich-technologiich\/","author":{"@type":"Person","@id":"https:\/\/www.tajana.cz\/author\/#Person","name":"","url":"https:\/\/www.tajana.cz\/author\/","identifier":1,"image":{"@type":"ImageObject","@id":"https:\/\/secure.gravatar.com\/avatar\/670235c08005d2f1b80a3d56a421809661de47ce0289bd1c93d0120f6ef211a4?s=96&d=mm&r=g","url":"https:\/\/secure.gravatar.com\/avatar\/670235c08005d2f1b80a3d56a421809661de47ce0289bd1c93d0120f6ef211a4?s=96&d=mm&r=g","height":96,"width":96}},"publisher":{"@type":"Organization","name":"tajana.cz","logo":{"@type":"ImageObject","@id":"\/logo.png","url":"\/logo.png","width":600,"height":60}},"image":{"@type":"ImageObject","@id":"https:\/\/www.tajana.cz\/wp-content\/uploads\/img_a361926_w3806_t1574967973.jpg","url":"https:\/\/www.tajana.cz\/wp-content\/uploads\/img_a361926_w3806_t1574967973.jpg","height":0,"width":0},"keywords":null},{"@type":"Article","@id":"https:\/\/www.tajana.cz\/koupit-vez-nebo-notebook\/","headline":"Koupit v\u011b\u017e nebo notebook","url":"https:\/\/www.tajana.cz\/koupit-vez-nebo-notebook\/","datePublished":"2019-09-11","dateModified":"2023-05-15","mainEntityOfPage":"https:\/\/www.tajana.cz\/koupit-vez-nebo-notebook\/","author":{"@type":"Person","@id":"https:\/\/www.tajana.cz\/author\/#Person","name":"","url":"https:\/\/www.tajana.cz\/author\/","identifier":1,"image":{"@type":"ImageObject","@id":"https:\/\/secure.gravatar.com\/avatar\/670235c08005d2f1b80a3d56a421809661de47ce0289bd1c93d0120f6ef211a4?s=96&d=mm&r=g","url":"https:\/\/secure.gravatar.com\/avatar\/670235c08005d2f1b80a3d56a421809661de47ce0289bd1c93d0120f6ef211a4?s=96&d=mm&r=g","height":96,"width":96}},"publisher":{"@type":"Organization","name":"tajana.cz","logo":{"@type":"ImageObject","@id":"\/logo.png","url":"\/logo.png","width":600,"height":60}},"image":{"@type":"ImageObject","@id":"https:\/\/www.tajana.cz\/wp-content\/uploads\/img_a355495_w3806_t1569743396.jpg","url":"https:\/\/www.tajana.cz\/wp-content\/uploads\/img_a355495_w3806_t1569743396.jpg","height":0,"width":0},"keywords":null}]}